{"id":6069,"date":"2017-03-08T12:02:14","date_gmt":"2017-03-08T11:02:14","guid":{"rendered":"https:\/\/clusterfamilyoffice.com\/?p=6069"},"modified":"2017-03-08T12:02:14","modified_gmt":"2017-03-08T11:02:14","slug":"eurozona-1-eurozona-2","status":"publish","type":"post","link":"https:\/\/clusterfamilyoffice.com\/en\/eurozona-1-eurozona-2\/","title":{"rendered":"Ya es oficial: Eurozona 1 y Eurozona 2"},"content":{"rendered":"<p>Ya es oficial. En las <a href=\"http:\/\/www.elmundo.es\/internacional\/2017\/03\/06\/58bdad9c46163ffa568b45b3.html\" target=\"_blank\" rel=\"noopener\">portadas<\/a> de toda Europa ya se ha publicado la noticia inevitable de una muerte m\u00e1s que anunciada por algunos pocos, a los que nos tachaban de cuasi extraterrestres por pronosticar la ruptura de la Eurozona hace ya un lustro. Hollande y Merkel han elegido el pomposo Palacio de Versalles para anunciar que<strong> la UE de los 27 no tiene ning\u00fan futuro y que la Eurozona de los 19 debe ir, al menos, a dos velocidades.<\/strong> Y para que no cunda el p\u00e1nico en los Mercados ante semejante declaraci\u00f3n oficial, se ha querido escenificar el anuncio con dos convidados\u00a0de piedra. Los dos convidados con econom\u00edas m\u00e1s grandes -y por tanto m\u00e1s peligrosas- de la Eurozona: Italia y Espa\u00f1a.<\/p>\n<p><span style=\"color: #ffffff;\">.<\/span><\/p>\n<p>De ese modo, dicha declaraci\u00f3n consigue dar la imagen de coordinaci\u00f3n norte-sur deseada. Ojo, l\u00e9ase coordinaci\u00f3n como tal, no como imagen de unidad en ning\u00fan caso. Al fin y al cabo, ser\u00eda extra\u00f1o que el anuncio de una Eurozona a dos velocidades se escenificase exclusivamente con representantes de la primera velocidad, \u00bfno?. Adem\u00e1s, por si el anuncio no fuese ya de por s\u00ed una patata suficientemente caliente, lo han asumido 4 presidentes de los cuales 3 est\u00e1n en precario al frente de sus pa\u00edses. De ah\u00ed la precariedad tambi\u00e9n del s\u00f3lo aparente control de la situaci\u00f3n.<\/p>\n<p><span style=\"color: #ffffff;\">.<\/span><\/p>\n<p>Tampoco es balad\u00ed el tono y el vocabulario elegido por Hollande en <a href=\"http:\/\/www.lavanguardia.com\/internacional\/20170306\/42565423614\/europa-debe-avanzar-a-diferentes-velocidades-si-no-explotara.html\" target=\"_blank\" rel=\"noopener\">la entrevista<\/a> que le ha hecho una coral de periodistas de medios\u00a0elegidos ad hoc para cubrir el anuncio de Versalles (Le Monde, The Guardian, La Stampa y S\u00fcddeutsche Zeitung). A la pregunta de los periodistas al presidente franc\u00e9s respecto al motivo de escenificar el anuncio conjuntamente con Merkel, Gentiloni y Rajoy, su respuesta ha estado milim\u00e9tricamente pautada: \u00ab<em>Angela Merkel y yo mismo nos consultamos regularmente. Antes de todos los consejos europeos y sobre todos los asuntos. Es en el inter\u00e9s de Europa. Pero no es una relaci\u00f3n exclusiva. Celebr\u00e1ndose el 60.\u00ba aniversario del tratado en Roma el 25 de marzo, nos parec\u00eda l\u00f3gico <strong>asociar a Italia e invitar a Espa\u00f1a<\/strong><\/em>\u00ab. O sea, que Hollande y Merkel gestionan las decisiones, y para la escenificaci\u00f3n (salir en la foto) <em>voluntaria y gentilmente\u00a0se asocian<\/em> con Italia (como gesto de respeto y reconocimiento a un socio hist\u00f3rico de la UE desde su creaci\u00f3n) e <em>invitan<\/em>\u00a0<em>generosamente<\/em>\u00a0a Espa\u00f1a. Ambos como representantes de los que no pertenecemos a ese n\u00facleo duro de decisi\u00f3n ni a las econom\u00edas de 1a velocidad. Un gesto para tranquilizar una periferia que de otro modo podr\u00eda rechazar\u00a0de plano esa declaraci\u00f3n, por serle totalmente ajena si en la foto no se incluye a \u00abalguien de los suyos\u00bb.<\/p>\n<p><span style=\"color: #ffffff;\">.<\/span><\/p>\n<p>Estamos sin duda ante el reconocimiento oficial de la apertura de un mel\u00f3n que nadie tiene la m\u00e1s remota certeza de c\u00f3mo manejar. Pero cuya escenificaci\u00f3n, con representantes de las dos velocidades de la mano y en aparente acuerdo (como no podr\u00eda ser de otra manera), deber\u00eda abrir los ojos a todos los que parecemos condenados, por nuestra mala cabeza\/econom\u00eda, a la 2a velocidad. En este punto debemos insistir una vez m\u00e1s en las advertencias (<a href=\"https:\/\/clusterfamilyoffice.com\/en\/los-ee-uu-de-europa-van-tomando-forma\/\">here<\/a>, <a href=\"https:\/\/clusterfamilyoffice.com\/en\/ya-esta-aqui-la-ue-a-dos-velocidades\/\">here<\/a> y <a href=\"https:\/\/clusterfamilyoffice.com\/en\/el-proyecto-secreto-del-superestado-franco-aleman\/\">here<\/a>) que venimos realizando a los inversores para<strong><a href=\"https:\/\/clusterfamilyoffice.com\/en\/debo-invertir-desde-espana-o-desde-luxemburgo\/\"> evitar la depreciaci\u00f3n de activos<\/a> <\/strong>(tanto financieros como inmobiliarios) que dicha Eurozona rota y la 2a velocidad conllevan de manera inherente.<\/p>\n<p><span style=\"color: #ffffff;\">.<\/span><\/p>\n<p>Una vez abierta la veda, es decir, una vez ya no es tab\u00fa ni pol\u00edticamente incorrecto hablar abiertamente de una Eurozona a dos o m\u00e1s velocidades, los analistas pol\u00edtico-financieros de todo el mundo han comenzado a <a href=\"https:\/\/www.bloomberg.com\/quicktake\/welcome-back-euro\" target=\"_blank\" rel=\"noopener\">publicar<\/a> sus posibles escenarios. Especialmente quir\u00fargico es el an\u00e1lisis de<a href=\"https:\/\/www.bloomberg.com\/graphics\/2017-euro-breakup-or-saved\/\" target=\"_blank\" rel=\"noopener\"> Wishart, Rojanasakul y Fraher de Bloomberg<\/a>, en el que presentan 3 escenarios que implican la ruptura del Euro. Y otros 3 escenarios que permitir\u00edan mantener una \u00fanica Eurozona y un status quo como el actual por alg\u00fan tiempo m\u00e1s. En cualquier caso estamos ya en una Europa algo m\u00e1s realista y muy distinta a la que nos hab\u00edan simulado durante tantos a\u00f1os. Las urnas de este 2017 decidir\u00e1n en buena medida cu\u00e1ndo se rompe la Eurozona y el futuro de la Europa actual, lo cual es mucho mejor que lo ocurrido en la vieja Europa cuyo destino\u00a0ha sido hist\u00f3ricamente marcado por guerras. Mientras, los inversores del sur, deben tomar medidas de seguridad y prepararse para vivir en la 2a velocidad pero disfrutando de activos de la 1a.<\/p>\n<p>&nbsp;<\/p>\n<p>&nbsp;<\/p>","protected":false},"excerpt":{"rendered":"<p>Ya es oficial. En las portadas de toda Europa ya se ha publicado la noticia inevitable de una muerte m\u00e1s que anunciada por algunos pocos, a los que nos tachaban de cuasi extraterrestres por pronosticar la ruptura de la Eurozona hace ya un lustro. Hollande y Merkel han elegido el pomposo Palacio de Versalles para [&hellip;]<\/p>\n","protected":false},"author":6,"featured_media":6073,"comment_status":"open","ping_status":"open","sticky":false,"template":"","format":"standard","meta":{"footnotes":""},"categories":[38,41,42,39,40,47,37,20],"tags":[],"class_list":["post-6069","post","type-post","status-publish","format-standard","has-post-thumbnail","hentry","category-actualidad","category-economia-y-finanzas","category-estrategia","category-crear-mi-propio-family-offices","category-gestion-financiera","category-gestion-del-patrimonio-inmobiliario","category-reflexion","category-sin-categorizar"],"_links":{"self":[{"href":"https:\/\/clusterfamilyoffice.com\/en\/wp-json\/wp\/v2\/posts\/6069","targetHints":{"allow":["GET"]}}],"collection":[{"href":"https:\/\/clusterfamilyoffice.com\/en\/wp-json\/wp\/v2\/posts"}],"about":[{"href":"https:\/\/clusterfamilyoffice.com\/en\/wp-json\/wp\/v2\/types\/post"}],"author":[{"embeddable":true,"href":"https:\/\/clusterfamilyoffice.com\/en\/wp-json\/wp\/v2\/users\/6"}],"replies":[{"embeddable":true,"href":"https:\/\/clusterfamilyoffice.com\/en\/wp-json\/wp\/v2\/comments?post=6069"}],"version-history":[{"count":0,"href":"https:\/\/clusterfamilyoffice.com\/en\/wp-json\/wp\/v2\/posts\/6069\/revisions"}],"wp:featuredmedia":[{"embeddable":true,"href":"https:\/\/clusterfamilyoffice.com\/en\/wp-json\/wp\/v2\/media\/6073"}],"wp:attachment":[{"href":"https:\/\/clusterfamilyoffice.com\/en\/wp-json\/wp\/v2\/media?parent=6069"}],"wp:term":[{"taxonomy":"category","embeddable":true,"href":"https:\/\/clusterfamilyoffice.com\/en\/wp-json\/wp\/v2\/categories?post=6069"},{"taxonomy":"post_tag","embeddable":true,"href":"https:\/\/clusterfamilyoffice.com\/en\/wp-json\/wp\/v2\/tags?post=6069"}],"curies":[{"name":"wp","href":"https:\/\/api.w.org\/{rel}","templated":true}]}}