{"id":5845,"date":"2016-11-15T13:08:36","date_gmt":"2016-11-15T12:08:36","guid":{"rendered":"https:\/\/clusterfamilyoffice.com\/?p=5845"},"modified":"2016-11-15T13:08:36","modified_gmt":"2016-11-15T12:08:36","slug":"steinmeier-se-enfrentara-merkel-febrero-auf-wiedersehen-eu","status":"publish","type":"post","link":"https:\/\/clusterfamilyoffice.com\/en\/steinmeier-se-enfrentara-merkel-febrero-auf-wiedersehen-eu\/","title":{"rendered":"Steinmeier se enfrentar\u00e1 a Merkel en Febrero: Auf Wiedersehen EU"},"content":{"rendered":"<p style=\"text-align: justify;\">Merkel no ha tenido m\u00e1s remedio que aceptar a Steinmeier como inminente Presidente alem\u00e1n. La noticia tiene un calado pol\u00edtico a\u00fan subestimado por muchos. No en balde Frank-Walter Steinmeier es el Ministro de Exteriores que firm\u00f3 <a href=\"http:\/\/www.dailysquib.co.uk\/wp-content\/uploads\/2016\/06\/DokumentUE-2.pdf\" target=\"_blank\" rel=\"noopener\"><strong>el documento<\/strong><\/a> de 9 p\u00e1ginas con su hom\u00f3logo franc\u00e9s, en el que se sentaban las bases de lo que ser\u00e1 el nuevo <a href=\"https:\/\/clusterfamilyoffice.com\/en\/el-proyecto-secreto-del-superestado-franco-aleman\/\"><strong>Superestado Franco-Alem\u00e1n<\/strong><\/a>. Cabe recordar que en dicho documento oficial ya se romp\u00edan lo que hasta hace poco eran verdaderos dogmas en el seno de la UE, con frases como: <strong>\u201c<em>We need to recognise that member states differ in their levels of ambition member state when it comes to the project of European integration\u201d<\/em><\/strong>. O la inequ\u00edvoca y demoledora frase en la que sentencia la ruptura de la pol\u00edtica monetaria:\u00a0<strong>\u201c<em>The current architecture of the euro is not sufficiently resilient to external shocks or internal imbalances\u00bb&#8230;\u00bbSurplus and deficit countries will have to move, as a one-sided alignment is politically unfeasible\u201d<\/em><\/strong>. Tambi\u00e9n\u00a0el representante de la UE para negociar el Brexit (y ex-primer ministro belga) Guy Verhofstadt, <a href=\"http:\/\/www.express.co.uk\/news\/politics\/705229\/European-Union-Brussels-EU-superstate-unveiled-MEP-Guy-Verhofstadt\" target=\"_blank\" rel=\"noopener\"><strong>defini\u00f3 6 puntos<\/strong> <\/a>sobre los que se debe basar el nuevo Super-Estado Franco-Alem\u00e1n. A destacar el punto n\u00famero 4, que dice ni m\u00e1s ni menos:<strong><em> \u00abSet up a central Brussels Treasury\u00bb<\/em><\/strong>, l\u00f3gicamente independiente del BCE de Frankfurt. \u00a0Ah\u00ed es nada.<\/p>\n<p style=\"text-align: justify;\"><span style=\"color: #ffffff;\">.<\/span><\/p>\n<p style=\"text-align: justify;\">Volviendo a Steinmeier, el Ministro de Exteriores que firm\u00f3 un documento tan inequ\u00edvocamente \u00abfranco-alem\u00e1n\u00bb con su hom\u00f3logo galo, como dec\u00edamos ser\u00e1 el nuevo Presidente en contraposici\u00f3n de la canciller europe\u00edsta Merkel a partir del 12 de Febrero (dentro de apenas 3 meses). Adem\u00e1s, Steinmeier se ha declarado totalmente contrario a la idiosincrasia de Trump, que <a href=\"http:\/\/www.businessinsider.com\/arron-banks-brexit-ukip-aides-trump-will-call-farage-before-theresa-may-2016-11\" target=\"_blank\" rel=\"noopener\">prefiere\u00a0hablar con Farage antes que con May<\/a>, por lo que el c\u00f3ctel explosivo est\u00e1 servido.<\/p>\n<p style=\"text-align: justify;\"><span style=\"color: #ffffff;\">.<\/span><\/p>\n<p style=\"text-align: justify;\">A partir de aqu\u00ed, los posicionamientos pol\u00edticos internacionales que parec\u00edan monol\u00edticos, se han comenzado a parecer m\u00e1s al caos que se apodera de un hormiguero despu\u00e9s de pisotearlo:\u00a0<strong><a href=\"http:\/\/www.reuters.com\/article\/us-eu-defence-idUSKBN1391HH?feedType=RSS&amp;feedName=topNews&amp;utm_source=twitter&amp;utm_medium=Social\" target=\"_blank\" rel=\"noopener\">Francia y Alemania aceleran su organizaci\u00f3n militar<\/a><\/strong> (t\u00e9cnicamente a\u00fan bajo una cierta supervisi\u00f3n de Bruselas) ante el previsible <em>adelgazamiento<\/em> de la estructura de la OTAN. Bulgaria elige a un ex-militar como presidente, que se declara<strong><a href=\"http:\/\/www.reuters.com\/article\/us-bulgaria-election-idUSKBN13801Q\" target=\"_blank\" rel=\"noopener\"> inequ\u00edvocamente tan cercano a Putin<\/a>\u00a0<\/strong>como lejano a Bruselas. Porque esta UE ya no seduce ni a los del Norte ni a los del Este, y pareciera que s\u00f3lo los del Sur seguimos bajo la anestesia suministrada por los eurobur\u00f3cratas y la liquidez infinita del BCE. Gur\u00fas del mundo de la inversi\u00f3n\u00a0recomiendan ya\u00a0<strong><a href=\"http:\/\/money.cnn.com\/2016\/11\/14\/investing\/russia-donald-trump-jim-rogers\/index.html?sr=twmoney111416russia-donald-trump-jim-rogers0132PMVODtopLink&amp;linkId=31126235\" target=\"_blank\" rel=\"noopener\">invertir en el nuevo escenario\u00a0que se abre ante\u00a0Putin<\/a>\u00a0<\/strong>(Steinmeier tambi\u00e9n est\u00e1 m\u00e1s pr\u00f3ximo a Putin que Merkel).<strong>\u00a0<\/strong>Y ojo, porque algunos hedge funds hablan ya abiertamente de sus<strong> <a href=\"http:\/\/www.reuters.com\/article\/us-investment-summit-hendry-idUSKBN1391JI?utm_campaign=trueAnthem:+Trending+Content&amp;utm_content=5829d9a804d301578bd2d3e4&amp;utm_medium=trueAnthem&amp;utm_source=twitter\" target=\"_blank\" rel=\"noopener\">apuestas en favor de una ruptura de la UE<\/a>.<\/strong><\/p>\n<p style=\"text-align: justify;\"><span style=\"color: #ffffff;\">.<\/span><\/p>\n<p style=\"text-align: justify;\">Por el momento, los precios de los bonos se han comenzado a desinflar, a pesar de que los compresores del BCE siguen insuflando en el Sistema\u00a0dinero y solvencia a destajo para evitar el fin de su coma inducido. Mientras tanto, los inversores que no preparen sus activos y patrimonios para el escenario de ruptura de la uni\u00f3n monetaria, quedar\u00e1n a merced <strong><a href=\"https:\/\/clusterfamilyoffice.com\/en\/winter-is-coming\/\">del invierno que venimos anunciando<\/a><\/strong> desde hace mucho tiempo. Alemania desde luego ya se est\u00e1 preparando para ese nuevo escenario al elegir un Presidente como Steinmeier y a un selecto grupo de pa\u00edses econ\u00f3micamente compatibles como compa\u00f1eros de viaje en los nuevos <a href=\"https:\/\/clusterfamilyoffice.com\/en\/los-ee-uu-de-europa-van-tomando-forma\/\">Estados Unidos de Europa<\/a>. Auf Wiedersehen EU.<\/p>","protected":false},"excerpt":{"rendered":"<p>Merkel no ha tenido m\u00e1s remedio que aceptar a Steinmeier como inminente Presidente alem\u00e1n. La noticia tiene un calado pol\u00edtico a\u00fan subestimado por muchos. No en balde Frank-Walter Steinmeier es el Ministro de Exteriores que firm\u00f3 el documento de 9 p\u00e1ginas con su hom\u00f3logo franc\u00e9s, en el que se sentaban las bases de lo que [&hellip;]<\/p>\n","protected":false},"author":6,"featured_media":5869,"comment_status":"open","ping_status":"closed","sticky":false,"template":"","format":"standard","meta":{"footnotes":""},"categories":[38,45,42,40],"tags":[],"class_list":["post-5845","post","type-post","status-publish","format-standard","has-post-thumbnail","hentry","category-actualidad","category-asesoramiento-deportistas-artistas","category-estrategia","category-gestion-financiera"],"_links":{"self":[{"href":"https:\/\/clusterfamilyoffice.com\/en\/wp-json\/wp\/v2\/posts\/5845","targetHints":{"allow":["GET"]}}],"collection":[{"href":"https:\/\/clusterfamilyoffice.com\/en\/wp-json\/wp\/v2\/posts"}],"about":[{"href":"https:\/\/clusterfamilyoffice.com\/en\/wp-json\/wp\/v2\/types\/post"}],"author":[{"embeddable":true,"href":"https:\/\/clusterfamilyoffice.com\/en\/wp-json\/wp\/v2\/users\/6"}],"replies":[{"embeddable":true,"href":"https:\/\/clusterfamilyoffice.com\/en\/wp-json\/wp\/v2\/comments?post=5845"}],"version-history":[{"count":0,"href":"https:\/\/clusterfamilyoffice.com\/en\/wp-json\/wp\/v2\/posts\/5845\/revisions"}],"wp:featuredmedia":[{"embeddable":true,"href":"https:\/\/clusterfamilyoffice.com\/en\/wp-json\/wp\/v2\/media\/5869"}],"wp:attachment":[{"href":"https:\/\/clusterfamilyoffice.com\/en\/wp-json\/wp\/v2\/media?parent=5845"}],"wp:term":[{"taxonomy":"category","embeddable":true,"href":"https:\/\/clusterfamilyoffice.com\/en\/wp-json\/wp\/v2\/categories?post=5845"},{"taxonomy":"post_tag","embeddable":true,"href":"https:\/\/clusterfamilyoffice.com\/en\/wp-json\/wp\/v2\/tags?post=5845"}],"curies":[{"name":"wp","href":"https:\/\/api.w.org\/{rel}","templated":true}]}}