{"id":4228,"date":"2016-09-20T14:42:26","date_gmt":"2016-09-20T12:42:26","guid":{"rendered":"https:\/\/clusterfamilyoffice.com\/blog\/?p=4228"},"modified":"2016-09-20T14:42:26","modified_gmt":"2016-09-20T12:42:26","slug":"los-ee-uu-de-europa-van-tomando-forma","status":"publish","type":"post","link":"https:\/\/clusterfamilyoffice.com\/en\/los-ee-uu-de-europa-van-tomando-forma\/","title":{"rendered":"Los EE.UU. de Europa van tomando forma&#8230;"},"content":{"rendered":"<p style=\"text-align: justify;\">Como ya hemos venido avanzando en \u00ab<strong><a href=\"https:\/\/clusterfamilyoffice.com\/en\/blog\/?p=4180\">El proyecto secreto del Superestado Franco-Alem\u00e1n<\/a>\u00ab<\/strong> y en \u00ab<strong><a href=\"https:\/\/clusterfamilyoffice.com\/en\/blog\/?p=4216\">Ya est\u00e1 aqu\u00ed la UE a dos velocidades<\/a><\/strong>\u00ab, cada vez son m\u00e1s las voces que hablan abiertamente del proyecto del n\u00facleo duro de Europa. Adem\u00e1s, dichas voces no son meros rumores en prensa de fuentes dudosas, sino que son tan significativas como los ministros de exteriores de Francia y Alemania, o <a href=\"http:\/\/www.europarl.europa.eu\/news\/en\/news-room\/20160908IPR41661\/parliament-appoints-guy-verhofstadt-as-representative-on-brexit-matters\" target=\"_blank\" rel=\"noopener\">el representante elegido<\/a> por el Parlamento Europeo para tratar los temas del Brexit -el mism\u00edsimo ex-primer ministro belga Guy Verhofstadt.<\/p>\n<p style=\"text-align: justify;\">Como dice en <strong><a href=\"http:\/\/www.express.co.uk\/news\/politics\/705229\/European-Union-Brussels-EU-superstate-unveiled-MEP-Guy-Verhofstadt\" target=\"_blank\" rel=\"noopener\">this article<\/a><\/strong>, Verhofstadt ha definido este mes los 6 puntos en los que se debe basar el nuevo superestado europeo. <strong>El timing para comenzar a trabajar en esa direcci\u00f3n lo ha establecido en tan s\u00f3lo 6 meses, acotando muy mucho el periodo de diversos a\u00f1os del que hablaban algunos<\/strong>. Y es que el timing del Brexit, sea \u00e9ste m\u00e1s o menos \u00e1gil, precipitar\u00e1 el camino hacia la creaci\u00f3n de unos verdaderos Estados Unidos de Europa, donde un n\u00facleo duro de pa\u00edses convergir\u00e1n cediendo la pr\u00e1ctica totalidad de su soberan\u00eda en temas como el ej\u00e9rcito, un FBI conjunto, un gobierno con tan s\u00f3lo un presidente y una docena de ministros, etc.<!--more--><\/p>\n<p style=\"text-align: justify;\"><strong><a href=\"http:\/\/www.dailysquib.co.uk\/wp-content\/uploads\/2016\/06\/DokumentUE-2.pdf\" target=\"_blank\" rel=\"noopener\">El documento<\/a><\/strong> de los ministros de exteriores franco-alemanes, Ayrault-Steinmeier, lo dec\u00eda bien claro. Y <strong><a href=\"https:\/\/www.bloomberg.com\/view\/articles\/2016-06-27\/the-u-k-doesn-t-have-a-brexit-plan-but-the-eu-does\" target=\"_blank\" rel=\"noopener\">esta cr\u00f3nica de Bloomberg<\/a><\/strong> as\u00ed lo confirma: La hu\u00edda hacia delante de la UE en formato de una Europa \u00abcore\u00bb y un grupo de pa\u00edses perif\u00e9ricos \u00abasociados\u00bb es un hecho. No obstante, el lenguaje oficial que se utiliza es mucho m\u00e1s suave para no provocar terremotos mercantiles. As\u00ed, se proclama que la inclusi\u00f3n de diversos pa\u00edses en este n\u00facleo duro que originar\u00e1n los EE.UU. de Europa ser\u00e1 \u00abvoluntaria\u00bb. Es decir, que no se expulsar\u00e1 a nadie que pertenezca ya a la UE y desee entrar en este grupo a cambio de ceder su soberan\u00eda. Pero la clave est\u00e1 en que<strong> los requisitos para poder materialmente pertenecer a este selecto club ser\u00e1n macro-econ\u00f3micos<\/strong>&#8230; y evidentemente, con la iglesia hemos topado. O mejor dicho, los pa\u00edses perif\u00e9ricos son quienes se van a topar con criterios econ\u00f3micos \u00abtroikanos\u00bb donde los haya.<\/p>\n<p style=\"text-align: justify;\">Y es que en los Estados Unidos de Europa no van a caber, por definici\u00f3n, los pa\u00edses que necesiten pol\u00edticas monetarias laxas y por tanto incompatibles con las necesidades de las econom\u00edas del norte. O sea, que el discurso oficial es que en los EE.UU. de Europa <strong>se entrar\u00e1 voluntariamente, siempre que las circunstancias econ\u00f3micas de los aspirantes sean compatibles y concordantes con las del n\u00facleo duro del superestado <\/strong>-l\u00e9ase Alemania, Francia, Benelux y ya veremos si entra Italia a martillazos o tambi\u00e9n se queda fuera. Es decir, algo parecido a la famosa respuesta\u00a0de Henry Ford cuando implement\u00f3 la primera f\u00e1brica de coches en serie y le cuestionaron si dicho sistema permitir\u00eda elegir distintos acabados: \u00abEl cliente podr\u00e1 elegir el color que m\u00e1s le guste para su autom\u00f3vil, siempre que sea el negro.\u00bb<\/p>\n<p style=\"text-align: justify;\">Las consecuencias de estas dos nuevas Europas ser\u00e1n tremendas y diversas: De tipo migratorio, fiscal, pol\u00edtico, pero sobre todo econ\u00f3mico. Y es que a nadie se le deber\u00eda escapar que dos Europas a sendas\u00a0velocidades precisan de dos pol\u00edticas monetarias con dos divisas diferenciadas. Quiz\u00e1 se llamen ambas Euros como nost\u00e1lgico recuerdo eufem\u00edstico, pero depender\u00e1n de bancos centrales diferenciados, tendr\u00e1n tipos de inter\u00e9s distintos y cotizaciones muy dispares. Tan dispares como la marcha de sus econom\u00edas, l\u00f3gicamente. Ya lo advierte Verhofstadt en el punto 4 de su relaci\u00f3n de medidas a tomar:<strong>\u00a0\u00abSet up a central Brussels Treasury\u00bb<\/strong>. Ah\u00ed es nada, una autoridad monetaria distanciada del actual BCE. Un BCE que probablemente persistir\u00e1 a los efectos de ejercer de bombona de ox\u00edgeno para la Europa perif\u00e9rica, con sus consiguientes medidas extraordinarias y depreciaciones monetarias. Aqu\u00ed cabe recordar que quien ha planificado la creaci\u00f3n de\u00a0este \u00abTreasury\u00bb en Bruselas es nada menos que el ex-Primer Ministro de B\u00e9lgica y el flamante representante del Parlamento Europeo para el Brexit!<\/p>\n<p style=\"text-align: justify;\">La depreciaci\u00f3n que va a sufrir el Euro actual, fruto de esa ruptura monetaria, es la que los inversores deben evitar a toda costa. Y para ello hay que tomar <strong><a href=\"https:\/\/clusterfamilyoffice.com\/en\/blog\/?p=1936\">una serie de medidas<\/a> <\/strong>que ya venimos anunciando desde hace algunos a\u00f1os, puesto que hace mucho tiempo que preve\u00edamos que en alg\u00fan momento la moneda \u00fanica iba a dejar de serlo. La situaci\u00f3n monetaria en Europa se va a complicar tanto que no s\u00f3lo va a ser crucial qu\u00e9 tipo de activos tenemos en nuestras carteras (inclu\u00eddos inmuebles&#8230;), sino tambi\u00e9n desde qu\u00e9 veh\u00edculos de inversi\u00f3n gestionamos nuestros ahorros, y tambi\u00e9n otras variables como la localizaci\u00f3n o titularidad de los mismos. Y todo ello hay que hacerlo desde la m\u00e1s estricta seguridad, legalidad y transparencia fiscal, obviamente. En definitiva un rompecabezas que s\u00f3lo algunos inversores muy bien asesorados lograr\u00e1n resolver a tiempo. Para el resto, despistados y\/o incr\u00e9dulos, sus inversiones y ahorros\u00a0perder\u00e1n tanto o m\u00e1s valor y poder adquisitivo como la propia divisa que nos quede, ll\u00e1mese Euro o no, a los pa\u00edses que lamentablemente no podremos formar\u00a0parte de ese n\u00facleo duro de los EE.UU. de Europa.<\/p>","protected":false},"excerpt":{"rendered":"<p>Como ya hemos venido avanzando en \u00abEl proyecto secreto del Superestado Franco-Alem\u00e1n\u00ab y en \u00abYa est\u00e1 aqu\u00ed la UE a dos velocidades\u00ab, cada vez son m\u00e1s las voces que hablan abiertamente del proyecto del n\u00facleo duro de Europa. Adem\u00e1s, dichas voces no son meros rumores en prensa de fuentes dudosas, sino que son tan significativas [&hellip;]<\/p>\n","protected":false},"author":6,"featured_media":5044,"comment_status":"open","ping_status":"closed","sticky":false,"template":"","format":"standard","meta":{"footnotes":""},"categories":[77,74,76,66,68,75,70],"tags":[],"class_list":["post-4228","post","type-post","status-publish","format-standard","has-post-thumbnail","hentry","category-banca-en","category-asesoramiento-deportistas-artistas-en","category-economia-y-finanzas-en","category-estrategia-en","category-crear-mi-propio-family-offices-en","category-gestion-financiera-en","category-reflexion-en"],"_links":{"self":[{"href":"https:\/\/clusterfamilyoffice.com\/en\/wp-json\/wp\/v2\/posts\/4228","targetHints":{"allow":["GET"]}}],"collection":[{"href":"https:\/\/clusterfamilyoffice.com\/en\/wp-json\/wp\/v2\/posts"}],"about":[{"href":"https:\/\/clusterfamilyoffice.com\/en\/wp-json\/wp\/v2\/types\/post"}],"author":[{"embeddable":true,"href":"https:\/\/clusterfamilyoffice.com\/en\/wp-json\/wp\/v2\/users\/6"}],"replies":[{"embeddable":true,"href":"https:\/\/clusterfamilyoffice.com\/en\/wp-json\/wp\/v2\/comments?post=4228"}],"version-history":[{"count":0,"href":"https:\/\/clusterfamilyoffice.com\/en\/wp-json\/wp\/v2\/posts\/4228\/revisions"}],"wp:featuredmedia":[{"embeddable":true,"href":"https:\/\/clusterfamilyoffice.com\/en\/wp-json\/wp\/v2\/media\/5044"}],"wp:attachment":[{"href":"https:\/\/clusterfamilyoffice.com\/en\/wp-json\/wp\/v2\/media?parent=4228"}],"wp:term":[{"taxonomy":"category","embeddable":true,"href":"https:\/\/clusterfamilyoffice.com\/en\/wp-json\/wp\/v2\/categories?post=4228"},{"taxonomy":"post_tag","embeddable":true,"href":"https:\/\/clusterfamilyoffice.com\/en\/wp-json\/wp\/v2\/tags?post=4228"}],"curies":[{"name":"wp","href":"https:\/\/api.w.org\/{rel}","templated":true}]}}