{"id":4216,"date":"2016-08-30T12:48:59","date_gmt":"2016-08-30T10:48:59","guid":{"rendered":"https:\/\/clusterfamilyoffice.com\/blog\/?p=4216"},"modified":"2016-08-30T12:48:59","modified_gmt":"2016-08-30T10:48:59","slug":"ya-esta-aqui-la-ue-a-dos-velocidades","status":"publish","type":"post","link":"https:\/\/clusterfamilyoffice.com\/en\/ya-esta-aqui-la-ue-a-dos-velocidades\/","title":{"rendered":"Ya est\u00e1 aqu\u00ed la UE a dos velocidades."},"content":{"rendered":"<p style=\"text-align: justify;\">\n<p style=\"text-align: justify;\">Para ponernos en situaci\u00f3n merece a pena releer el art\u00edculo titulado\u00a0<strong>\u00ab<a href=\"https:\/\/clusterfamilyoffice.com\/en\/blog\/?p=4180\">El proyecto secreto del Super-Estado Franco-Alem\u00e1n<\/a>\u00ab<\/strong>, en el que destacamos\u00a0el radical cambio de planes que los dirigentes del coraz\u00f3n de la Uni\u00f3n (sic) han planeado para los Estados que no pueden seguir el ritmo econ\u00f3mico de los pa\u00edses m\u00e1s avanzados de la UE (l\u00e9ase periferia y centro). Pod\u00e9is leer tambi\u00e9n\u00a0<a href=\"http:\/\/www.dailysquib.co.uk\/wp-content\/uploads\/2016\/06\/DokumentUE-2.pdf\" target=\"_blank\" rel=\"noopener\">el demoledor documento<\/a>\u00a0original redactado en este sentido por los ministros de exteriores de Francia y Alemania en el pasado mes de Junio, como reacci\u00f3n al Brexit, y que se filtr\u00f3 muy discretamente en algunos medios de segunda fila.<!--more--><\/p>\n<p style=\"text-align: justify;\">Pues bien, esta semana de nuevo el ministro de exteriores alem\u00e1n vuelve a la carga con comentarios que ya no se filtran discretamente en medios de segundo orden sino en el mism\u00edsimo Bloomberg. En este art\u00edculo titulado \u00ab<a href=\"http:\/\/www.bloomberg.com\/news\/articles\/2016-08-29\/merkel-s-foreign-minister-says-post-brexit-eu-can-t-force-unity?utm_content=business&amp;utm_campaign=socialflow-organic&amp;utm_source=twitter&amp;utm_medium=social&amp;cmpid%3D=socialflow-twitter-business\" target=\"_blank\" rel=\"noopener\">Merkel&#8217;s Foreign Minister says post-Brexit EU can&#8217;t force unity.<\/a>\u00bb leer\u00e9is comentarios como por ejemplo este: \u201c<em>We want a \u2018flexible union\u2019 that takes on the big questions effectively, but doesn\u2019t oblige each member state to take each new step jointly<\/em>\u00ab. Y otros avisos a navegantes en la misma l\u00ednea de que los pa\u00edses de la UE, que quieran tomar \u00abciertas iniciativas\u00bb conjuntamente, no tienen porqu\u00e9 ser seguidas por el resto de pa\u00edses ni verse \u00e9stos afectados por ellas.<\/p>\n<p style=\"text-align: justify;\">El gobierno de Merkel dice p\u00fablicamente que a partir de ahora hay que centrarse en temas pr\u00e1cticos, como por ejemplo conseguir una mayor competitividad y empleo, y dejarse de visiones grandilocuentes de una UE que se ha demostrado imposible. El mism\u00edsimo ministro de finanzas germano Wolfgang Schaeuble dej\u00f3 caer la bomba a principios del verano diciendo que despu\u00e9s del resultado del refer\u00e9ndum del Brexit, los pa\u00edses de la UE \u00abdeber\u00edan avanzar de forma pragm\u00e1tica\u00bb. Y tambi\u00e9n dijo que en determinados momentos<strong> los pa\u00edses de la UE deber\u00edan<\/strong>\u00a0<strong>avanzar a diferentes velocidades en grupos de Estados con voluntades afines<\/strong>. Obviamente se refiere a velocidades econ\u00f3micas distintas, con todo lo que ello conlleva en cuanto a pol\u00edtica monetaria se refiere.<\/p>\n<p style=\"text-align: justify;\">Esta es la primera pregunta del mill\u00f3n que deben hacerse los inversores: \u00ab<strong>\u00bfEs posible una UE con dos grupos de pa\u00edses a velocidades distintas con una misma divisa y pol\u00edtica monetaria? Obviamente la respuesta es NO.<\/strong> Y la segunda pregunta del mill\u00f3n que hay que plantearse es: <strong>\u00bfEst\u00e1n mis inversiones financieras e inmobiliarias preparadas para una ruptura de la divisa?<\/strong> Seguramente a la mayor\u00eda ah\u00ed se les empieza a abrir todo un mundo de preguntas (que cre\u00edan que con la moneda \u00fanica jam\u00e1s se las llegar\u00edan a plantear) como por ejemplo, c\u00f3mo lo har\u00eda la UE para separar un euro de otro, con su consiguiente devaluaci\u00f3n\/revalorizaci\u00f3n, cu\u00e1nto tiempo durar\u00eda el corralito correspondiente, a qu\u00e9 activos y titulares afectar\u00eda, etc, etc, etc. Bienvenidos al mundo real.<\/p>\n<p style=\"text-align: justify;\">Y es que las distintas velocidades que anuncian Alemania y Francia suponen un problema f\u00e1cilmente evitable para el inversor cuya residencia y activos se encuentran en el n\u00facleo duro. Sus activos ser\u00e1n por defecto valorados en el euro caro por residencia y localizaci\u00f3n, y tan s\u00f3lo deben evitar inversiones en activos extranjeros y localizaciones insensatas que se vean afectados por la devaluaci\u00f3n, como por ejemplo bolsa o inmuebles en Espa\u00f1a, Portugal, etc. Sin embargo, para los que residimos en el sur, evitar la devaluaci\u00f3n ser\u00e1 una tarea mucho m\u00e1s compleja y que precisar\u00e1 de una correcta planificaci\u00f3n. <strong>Y no s\u00f3lo una correcta planificaci\u00f3n de las inversiones en s\u00ed, sino tambi\u00e9n de los <a href=\"https:\/\/clusterfamilyoffice.com\/en\/blog\/?p=1936\">veh\u00edculos y titularidades que ostenten los activos<\/a>.<\/strong>\u00a0Porque la globalizaci\u00f3n de las finanzas y un asesoramiento competente pueden -deben- conseguir que nuestros activos, no s\u00f3lo eviten la afectaci\u00f3n sino que adem\u00e1s aprovechen esta ruptura de la UE en dos velocidades como una de las oportunidades que s\u00f3lo se dan\u00a0una vez en la vida.<\/p>\n<p style=\"text-align: justify;\">En cuanto a la despistada\/desinformada mayor\u00eda a los que les vaya a pillar el toro del Euro B, les quedar\u00e1 el mismo consuelo que a los que sufrieron el estancamiento econ\u00f3mico de hace medio siglo con la entra\u00f1able peseta: Si no viajas ni compras nada de importaci\u00f3n, tu p\u00e9rdida brutal de poder adquisitivo tan s\u00f3lo la notar\u00e1s cuando pagues la factura energ\u00e9tica (siempre en divisa cara). Y con algo de suerte puedes aprovechar\u00a0los efectos del crecimiento que produzca la entrada de Euro A y otras divisas, v\u00eda exportaciones, turismo, etc, al m\u00e1s puro estilo Berlanga pero esta vez con un \u00ab<a href=\"https:\/\/es.wikipedia.org\/wiki\/Bienvenido,_Mister_Marshall\" target=\"_blank\" rel=\"noopener\">Bienvenida Frau Merke<\/a>l\u00bb.<\/p>\n<p style=\"text-align: justify;\">Desde luego, alemanes y franceses est\u00e1n por fin\u00a0advirtiendo\u00a0de forma clara hacia d\u00f3nde se dirige la UE. A partir de ah\u00ed, los navegantes, por incr\u00e9dulos que sean, quedan avisados.<\/p>","protected":false},"excerpt":{"rendered":"<p>Para ponernos en situaci\u00f3n merece a pena releer el art\u00edculo titulado\u00a0\u00abEl proyecto secreto del Super-Estado Franco-Alem\u00e1n\u00ab, en el que destacamos\u00a0el radical cambio de planes que los dirigentes del coraz\u00f3n de la Uni\u00f3n (sic) han planeado para los Estados que no pueden seguir el ritmo econ\u00f3mico de los pa\u00edses m\u00e1s avanzados de la UE (l\u00e9ase periferia [&hellip;]<\/p>\n","protected":false},"author":6,"featured_media":5048,"comment_status":"open","ping_status":"closed","sticky":false,"template":"","format":"standard","meta":{"footnotes":""},"categories":[38,45,41,42,39,40,47,37,48,55],"tags":[],"class_list":["post-4216","post","type-post","status-publish","format-standard","has-post-thumbnail","hentry","category-actualidad","category-asesoramiento-deportistas-artistas","category-economia-y-finanzas","category-estrategia","category-crear-mi-propio-family-offices","category-gestion-financiera","category-gestion-del-patrimonio-inmobiliario","category-reflexion","category-asesoramiento-patrimonial-multi-family-office-crear-mi-propio-family-offices","category-necesito-un-family-office"],"_links":{"self":[{"href":"https:\/\/clusterfamilyoffice.com\/en\/wp-json\/wp\/v2\/posts\/4216","targetHints":{"allow":["GET"]}}],"collection":[{"href":"https:\/\/clusterfamilyoffice.com\/en\/wp-json\/wp\/v2\/posts"}],"about":[{"href":"https:\/\/clusterfamilyoffice.com\/en\/wp-json\/wp\/v2\/types\/post"}],"author":[{"embeddable":true,"href":"https:\/\/clusterfamilyoffice.com\/en\/wp-json\/wp\/v2\/users\/6"}],"replies":[{"embeddable":true,"href":"https:\/\/clusterfamilyoffice.com\/en\/wp-json\/wp\/v2\/comments?post=4216"}],"version-history":[{"count":0,"href":"https:\/\/clusterfamilyoffice.com\/en\/wp-json\/wp\/v2\/posts\/4216\/revisions"}],"wp:featuredmedia":[{"embeddable":true,"href":"https:\/\/clusterfamilyoffice.com\/en\/wp-json\/wp\/v2\/media\/5048"}],"wp:attachment":[{"href":"https:\/\/clusterfamilyoffice.com\/en\/wp-json\/wp\/v2\/media?parent=4216"}],"wp:term":[{"taxonomy":"category","embeddable":true,"href":"https:\/\/clusterfamilyoffice.com\/en\/wp-json\/wp\/v2\/categories?post=4216"},{"taxonomy":"post_tag","embeddable":true,"href":"https:\/\/clusterfamilyoffice.com\/en\/wp-json\/wp\/v2\/tags?post=4216"}],"curies":[{"name":"wp","href":"https:\/\/api.w.org\/{rel}","templated":true}]}}