{"id":4180,"date":"2016-07-06T13:53:23","date_gmt":"2016-07-06T11:53:23","guid":{"rendered":"https:\/\/clusterfamilyoffice.com\/blog\/?p=4180"},"modified":"2016-07-06T13:53:23","modified_gmt":"2016-07-06T11:53:23","slug":"el-proyecto-secreto-del-superestado-franco-aleman","status":"publish","type":"post","link":"https:\/\/clusterfamilyoffice.com\/en\/el-proyecto-secreto-del-superestado-franco-aleman\/","title":{"rendered":"El proyecto secreto del Superestado Franco-Alem\u00e1n."},"content":{"rendered":"<p style=\"text-align: justify;\"><a href=\"http:\/\/clusterfo.webfactional.com\/wp-content\/uploads\/2016\/07\/frenchgerman1.png\" target=\"_blank\" rel=\"noopener\"><img fetchpriority=\"high\" decoding=\"async\" class=\"alignleft wp-image-4183\" src=\"http:\/\/clusterfo.webfactional.com\/wp-content\/uploads\/2016\/07\/frenchgerman1.png\" alt=\"frenchgerman1\" width=\"390\" height=\"193\" \/><\/a><\/p>\n<p style=\"text-align: justify;\">Con nocturnidad y discreci\u00f3n, los Ministros de Exteriores de Francia (Jean-Marc Ayrault) y Alemania (Frank-Walter Steinmeier) han acordado bilateralmente una serie de propuestas que contradicen radicalmente el modelo de Uni\u00f3n Europea que nos han venido vendiendo los eurobur\u00f3cratas desde hace d\u00e9cadas. La pregunta del mill\u00f3n es a qui\u00e9n proponen esta nueva Europa, y si esta declaraci\u00f3n de intenciones es s\u00f3lo eso o m\u00e1s bien un anuncio en toda regla del nuevo camino que va a emprender el n\u00facleo duro de pa\u00edses europeos, comenzando por el eje Franco-Alem\u00e1n y sumando al Benelux y a Italia (m\u00e1s por su historia fundacional que por su estado econ\u00f3mico actual, obviamente). <!--more-->Es significativa la discreci\u00f3n con la que los ministros de exteriores de Alemania y Francia, as\u00ed como el resto de organismos europeos han tratado esta propuesta, que s\u00f3lo ha visto la luz p\u00fablica despu\u00e9s de que se haya filtrado al medio polaco <strong><a href=\"http:\/\/www.tvp.info\/25939587\/europejskie-superpanstwo-zobacz-oryginalny-dokument\" target=\"_blank\" rel=\"noopener\">TVP.info<\/a><\/strong>. Curioso que pr\u00e1cticamente ninguno de los grandes <em>western media<\/em> se han hecho eco de esta interesant\u00edsima filtraci\u00f3n de un informe\u00a0m\u00e1s que oficial, y tan solo encontramos comentarios al respecto en <a href=\"https:\/\/www.corbettreport.com\/eu-unmasked-after-brexit-plans-for-full-eu-superstate-revealed\/\" target=\"_blank\" rel=\"noopener\"><strong>medios de menor alcance<\/strong><\/a>.<\/p>\n<p style=\"text-align: justify;\">El documento de 9 p\u00e1ginas \u00edntegro <strong><a href=\"http:\/\/www.dailysquib.co.uk\/wp-content\/uploads\/2016\/06\/DokumentUE-2.pdf\" target=\"_blank\" rel=\"noopener\">lo pod\u00e9is leer aqu\u00ed<\/a>\u00a0<\/strong>y no tiene desperdicio. Ambos Ministros reiteran una y otra vez que hablan en nombre de Alemania y Francia, y su radicalmente distinto\u00a0modelo de Europa nos deja perlas como \u00e9stas:\u00a0<em>\u00abWe will therefore move further towards political union in Europe and invite the other Europeans to join us in this endeavour\u00bb (&#8230;)\u00a0<\/em>\u00ab<em>We need to recognise that member states differ in their levels of ambition member state when it comes to the project of European integration\u00bb (&#8230;)\u00a0<\/em><em>\u00abWe have to find better ways of dealing with different levels of ambition so as to ensure that Europe\u00a0delivers better on the expectations of all European citizens\u00bb (&#8230;) \u00abFrance and Germany will therefore promote a more coherent and a more assertive Europe on the world stage<\/em>.\u00bb N\u00f3tese que se personaliza claramente que los promotores de esta iniciativa son Francia y Alemania, y ya\u00a0no emplean siempre el t\u00e9rmino EU o Uni\u00f3n Europea sino que comienzan a retomar el concepto gen\u00e9rico &#8216;Europa&#8217;. \u00ab<em>We are seeing the European Union (aqu\u00ed s\u00ed que utilizan el t\u00e9rmino EU&#8230;) being severely put to the test. It is challenged by a series of crises in its southern and eastern environment.<\/em>\u00bb Muy probablemente sea este entorno del Sur y el Este las \u00e1reas que se contemplan dejar <a href=\"https:\/\/clusterfamilyoffice.com\/en\/blog\/?p=1844\"><strong>fuera del Superestado Europeo<\/strong><\/a>.<\/p>\n<p style=\"text-align: justify;\">A partir de ah\u00ed, el documento filtrado hace un repaso a temas sobre los que definir estrategias radicalmente distintas a las actuales. Veamos algunos puntos especialmente disruptivos e incompatibles con la actual UE:<\/p>\n<p style=\"text-align: justify;\"><strong>Una seguridad Europea compacta<\/strong>: Alemania y Francia proponen una Europa como unidad de seguridad. Y para ello quieren que la UE actual comience a supeditarse al Consejo Europeo y al de Asuntos Exteriores, pero con un \u00ab<em>independent situation assessment capability<\/em>\u00ab. Francia y Alemania promover\u00e1n una pol\u00edtica exterior y de seguridad europea integrada, unificando todos los instrumentos de la UE disponibles actualmente para ello. Tambi\u00e9n reclaman \u00ab<em>capabilities<\/em>\u00bb m\u00e1s fuertes y flexibles para prevenir y manejar crisis de seguridad en la actual UE, as\u00ed como unidades y cadenas de mando militares permanentes, incluyendo fuerzas mar\u00edtimas, que se deber\u00edan adquirir a cargo de todos los estados miembros de la nueva Europa. O sea, dejar atr\u00e1s los presupuestos nacionales de defensa para crear una defensa y control fronterizo com\u00fan dentro del Superestado Europeo. El control de las fronteras externas ya no se considerar\u00e1 una tarea nacional sino una responsabilidad com\u00fan, reconvirtiendo el <a href=\"http:\/\/frontex.europa.eu\/\" target=\"_blank\" rel=\"noopener\">FRONTEX<\/a> actual en una verdadera polic\u00eda fronteriza a escala de la nueva periferia del Superestado.<\/p>\n<p style=\"text-align: justify;\"><strong>Uni\u00f3n Monetaria<\/strong>: Francia y Alemania han visto siempre como su propia responsabilidad la tarea de construir una Eurozona robusta, y creen que ha llegado la hora de llevar el debate m\u00e1s all\u00e1. Consideran adem\u00e1s que es responsabilidad de Francia y Alemania llevarlo a cabo. <strong>Y aqu\u00ed llega la bomb<\/strong>a: \u00ab<em>The euro area has to enter into a renewed phase of eco- nomic convergence. To this end, <strong>France and Germany will shoulder the main responsibility of organising a process of economic convergence and political governance <\/strong>which balances obligations and solidarity to accompany the process.<strong> Surplus and deficit countries will have to move, as a one-sided alignment is politically unfeasible.<\/strong><\/em>\u00bb O sea, que los pa\u00edses con d\u00e9ficit y super\u00e1vit no pueden seguir bajo una misma pol\u00edtica monetaria, y ser\u00e1 el eje Franco-Alem\u00e1n quien decidir\u00e1 si la Eurozona se parte en dos o en tres, y por supuesto qu\u00e9 zona le corresponder\u00e1 a cada estado actual miembro. \u00ab<em>The current architecture of the euro is not sufficiently resilient to external shocks or internal imbalances. Leaving the EMU incomplete jeopardises the survival of our common currency in the long term<\/em>\u00ab. O sea, que la \u00abpropuesta\u00bb es m\u00e1s bien una hoja de ruta de la que dif\u00edcilmente se podr\u00e1 nadie escapar.<\/p>\n<p style=\"text-align: justify;\">El documento est\u00e1 repleto de concesiones y m\u00e1s concesiones pol\u00edticas, soberanas y fiscales, pero de una sola vez y por la puerta de atr\u00e1s, o sea m\u00e1s bien imposiciones que concesiones. Parece di\u00e1fano pues que lo que se ha venido negando una y otra vez desde las instituciones europeas, ahora Alemania y Francia lo proponen como \u00fanica soluci\u00f3n al sinsentido de la Europa de los rescates, las patadas a seguir y las Troikas. La cuesti\u00f3n es qu\u00e9 futuro incierto espera a los estados hoy miembros que quedar\u00e1n\/quedaremos relegados a la Eurozona B. Porque esa partici\u00f3n, tan incierta como imprescindible, conlleva necesariamente el abandono de una pol\u00edtica monetaria \u00fanica, y por tanto de una divisa \u00fanica. S\u00ed, ese escenario que algunos llevamos prediciendo desde hace 5 a\u00f1os (\u00ab<strong><a href=\"https:\/\/clusterfamilyoffice.com\/en\/blog\/?p=3030\">La Eurozona ha muerto. Viva Europa!<\/a><\/strong>\u00ab), como \u00fanica soluci\u00f3n viable para el callej\u00f3n sin salida en el que nos meti\u00f3 compartir moneda entre ricos y pobres. Desde luego, una Eurozona A, con Alemania, Francia, Italia y Benelux convergir\u00eda mucho mejor que el actual babel econ\u00f3mico. Y una Eurozona B, con el resto de pa\u00edses perif\u00e9ricos, a los que se ir\u00edan uniendo los que todav\u00eda no est\u00e1n ni en el Euro B, quiz\u00e1s tambi\u00e9n. Recordemos que para conseguir una convergencia mayor entre pa\u00edses, Alemania ya propuso el uso de medidas extraordinarias como<a href=\"https:\/\/clusterfamilyoffice.com\/en\/blog\/?p=3696\"><strong> \u00e9sta<\/strong><\/a>\u00a0o <strong><a href=\"https:\/\/clusterfamilyoffice.com\/en\/blog\/?p=3582\">esta<\/a>,<\/strong>\u00a0y ya se viene <a href=\"https:\/\/clusterfamilyoffice.com\/en\/blog\/?p=3145\"><strong>legislando sigilosamente<\/strong><\/a> al respecto.<\/p>\n<p style=\"text-align: justify;\">El euroescepticismo del ex-alcalde de Londres Boris Johnson y su victoria en el\u00a0refer\u00e9ndum del Brexit parece haber acelerado el proceso del Superestado Europeo. Aunque parad\u00f3jicamente, la posible (y cada vez m\u00e1s aclamada institucionalmente) NO aplicaci\u00f3n del resultado, podr\u00eda ralentizar o abandonar este documento Franco-Alem\u00e1n en el caj\u00f3n del \u00abusar s\u00f3lo en caso de emergencia\u00bb. Pero si el Brexit se materializa, las advertencias que Johnson <a href=\"http:\/\/www.telegraph.co.uk\/opinion\/2016\/03\/16\/there-is-no-conspiracy-the-eu-is-completely-open-about-its-super\/\" target=\"_blank\" rel=\"noopener\"><strong>public\u00f3 en Marzo<\/strong><\/a>, se pueden precipitar en forma de r\u00e1pida ejecuci\u00f3n de las propuestas para la creaci\u00f3n del Superestado del n\u00facleo duro y rico de Europa, y la consiguiente partici\u00f3n de la Eurozona. Veremos atentamente como termina este pulso entre el eje Franco-Alem\u00e1n y los eurobur\u00f3cratas y la opini\u00f3n p\u00fablica de la ciudadan\u00eda afectada.<\/p>\n<p style=\"text-align: justify;\">La siguiente pregunta que se deber\u00edan hacer los lectores ante este cambio radical de escenario es si sus inversiones y patrimonios est\u00e1n preparados para una ruptura del Euro y su consiguiente devaluaci\u00f3n masiva en activos\/plazas perif\u00e9ricas. Nosotros llevamos ya 5 a\u00f1os pronosticando el fin de una \u00fanica Zona Euro, y seleccionando <a href=\"https:\/\/clusterfamilyoffice.com\/en\/blog\/?p=1936\"><strong>plazas financieras, bancos custodios, veh\u00edculos y activos de inversi\u00f3n<\/strong><\/a> con el fin no s\u00f3lo evitar el desastre sino de sacar el m\u00e1ximo partido de ello. Bienvenido sea el Superestado Europeo del eje Franco-Alem\u00e1n, porque aunque nos toque quedarnos en la periferia, nuestros patrimonios seguir\u00e1n a salvo de un nuevo escenario que sorprender\u00e1 a la mayor\u00eda. Y adem\u00e1s el proyecto Europeo tendr\u00e1 m\u00e1s sentido y sostenibilidad, porque la realidad econ\u00f3mica es muy tozuda. Como dijo Sir Arthur Conan Doyle:\u00a0<strong>\u201cUna vez descartado lo imposible, lo que queda, por improbable que parezca, debe ser la verdad.\u201c<\/strong><\/p>","protected":false},"excerpt":{"rendered":"<p>Con nocturnidad y discreci\u00f3n, los Ministros de Exteriores de Francia (Jean-Marc Ayrault) y Alemania (Frank-Walter Steinmeier) han acordado bilateralmente una serie de propuestas que contradicen radicalmente el modelo de Uni\u00f3n Europea que nos han venido vendiendo los eurobur\u00f3cratas desde hace d\u00e9cadas. La pregunta del mill\u00f3n es a qui\u00e9n proponen esta nueva Europa, y si esta [&hellip;]<\/p>\n","protected":false},"author":6,"featured_media":0,"comment_status":"open","ping_status":"closed","sticky":false,"template":"","format":"standard","meta":{"footnotes":""},"categories":[38,54,45,41,42,39,40,47,52,37,48],"tags":[],"class_list":["post-4180","post","type-post","status-publish","format-standard","hentry","category-actualidad","category-asesoramiento-patrimonial-deportistas-artistas","category-asesoramiento-deportistas-artistas","category-economia-y-finanzas","category-estrategia","category-crear-mi-propio-family-offices","category-gestion-financiera","category-gestion-del-patrimonio-inmobiliario","category-asesoramiento-patrimonial-multi-family-office","category-reflexion","category-asesoramiento-patrimonial-multi-family-office-crear-mi-propio-family-offices"],"_links":{"self":[{"href":"https:\/\/clusterfamilyoffice.com\/en\/wp-json\/wp\/v2\/posts\/4180","targetHints":{"allow":["GET"]}}],"collection":[{"href":"https:\/\/clusterfamilyoffice.com\/en\/wp-json\/wp\/v2\/posts"}],"about":[{"href":"https:\/\/clusterfamilyoffice.com\/en\/wp-json\/wp\/v2\/types\/post"}],"author":[{"embeddable":true,"href":"https:\/\/clusterfamilyoffice.com\/en\/wp-json\/wp\/v2\/users\/6"}],"replies":[{"embeddable":true,"href":"https:\/\/clusterfamilyoffice.com\/en\/wp-json\/wp\/v2\/comments?post=4180"}],"version-history":[{"count":0,"href":"https:\/\/clusterfamilyoffice.com\/en\/wp-json\/wp\/v2\/posts\/4180\/revisions"}],"wp:attachment":[{"href":"https:\/\/clusterfamilyoffice.com\/en\/wp-json\/wp\/v2\/media?parent=4180"}],"wp:term":[{"taxonomy":"category","embeddable":true,"href":"https:\/\/clusterfamilyoffice.com\/en\/wp-json\/wp\/v2\/categories?post=4180"},{"taxonomy":"post_tag","embeddable":true,"href":"https:\/\/clusterfamilyoffice.com\/en\/wp-json\/wp\/v2\/tags?post=4180"}],"curies":[{"name":"wp","href":"https:\/\/api.w.org\/{rel}","templated":true}]}}