{"id":381,"date":"2009-03-29T08:19:00","date_gmt":"2009-03-29T08:19:00","guid":{"rendered":"https:\/\/clusterfamilyoffice.com\/blog\/?p=381"},"modified":"2009-03-29T08:19:00","modified_gmt":"2009-03-29T08:19:00","slug":"verdades-arriesgadas","status":"publish","type":"post","link":"https:\/\/clusterfamilyoffice.com\/en\/verdades-arriesgadas\/","title":{"rendered":"Verdades Arriesgadas."},"content":{"rendered":"<div style=\"text-align: justify;\"><a onblur=\"try {parent.deselectBloggerImageGracefully();} catch(e) {}\" href=\"http:\/\/3.bp.blogspot.com\/_VIxOq4VLwLE\/Sc3fP7s8iFI\/AAAAAAAAAvE\/6gsQi3AZDh4\/s1600-h\/057D3GIJ-ECO-xxx-P1_1.jpg\" target=\"_blank\" rel=\"noopener\"><img decoding=\"async\" style=\"margin: 0pt 0pt 10px 10px; float: right; cursor: pointer; width: 185px; height: 357px;\" src=\"http:\/\/3.bp.blogspot.com\/_VIxOq4VLwLE\/Sc3fP7s8iFI\/AAAAAAAAAvE\/6gsQi3AZDh4\/s400\/057D3GIJ-ECO-xxx-P1_1.jpg\" alt=\"\" id=\"BLOGGER_PHOTO_ID_5318152199811663954\" border=\"0\" \/><\/a>El responsable del Departamento de Estad\u00edstica Regional de la <a href=\"http:\/\/www.funcas.ceca.es\/Quienes_somos\/Descripcion.asp\" target=\"_blank\" rel=\"noopener\">Fundaci\u00f3n de las Cajas de Ahorros <\/a>(Funcas), Pablo Alcaide, parece ser el economista relacionado con la banca m\u00e1s clarividente y\/o sincero y\/o realista.<\/p>\n<p>Entre sus declaraciones encontramos, por ejemplo, la de que a Espa\u00f1a le esperan muchos a\u00f1os de crecimiento bajo, que lo peor de esta crisis lo veremos en los pr\u00f3ximos trimestres, o que el fondo de la econom\u00eda espa\u00f1ola se tocar\u00e1 a finales del 2010. Quiz\u00e1 sean obviedades, pero resultan un ejemplo de sinceridad cuando provienen del mundo de los bancos y cajas de ahorros.<\/p>\n<p>Tan s\u00f3lo una objeci\u00f3n, cuando subray\u00f3 las ventajas de estar en la Uni\u00f3n Europea y el euro: \u00ab<span style=\"font-style: italic;\">&#8230;aunque eso impida recurrir al uso del tipo de cambio, lo cierto es que si Espa\u00f1a no estuviera bajo el paraguas de la UE y de la moneda com\u00fan, la crisis actual ser\u00eda comparable a la del 29&#8230;\u00bb<\/span> En mi humilde opini\u00f3n la crisis s\u00ed es comparable a la del 29 cuantitativamente, aunque no cualitativamente ya que esta vez es el Sistema el que ha quebrado y no simplemente la bolsa. Y por otro lado, <a style=\"font-weight: bold;\" href=\"http:\/\/freshfamilyoffice.blogspot.com\/2009\/01\/la-era-de-las-devaluaciones.html\" target=\"_blank\" rel=\"noopener\">las nueva era de las devaluaciones<\/a> se est\u00e1 produciendo, no s\u00f3lo de forma oficiosa, sino que tambi\u00e9n se hace a costa de la moneda \u00fanica.<\/p>\n<p>Alcaide tambi\u00e9n abog\u00f3 por la inversi\u00f3n p\u00fablica, dada la incapacidad previsible de la inversi\u00f3n privada durante muchos a\u00f1os. Pero tambi\u00e9n, y esto es significativo, no debemos esperar  ni pretender fomentar que el consumo privado reactive la econom\u00eda, porque no conviene a las familias seguir con este ritmo de endeudamiento. <span style=\"font-weight: bold;\">El consumo privado ni puede ni debe apartarse durante m\u00e1s tiempo del ahorro.<\/span> Y ese concepto choca frontalmente con los beneficios de bancos y cajas de ahorro.<\/p>\n<p><a onblur=\"try {parent.deselectBloggerImageGracefully();} catch(e) {}\" href=\"http:\/\/1.bp.blogspot.com\/_VIxOq4VLwLE\/Sc3fYY0grII\/AAAAAAAAAvM\/W9HPisb9xjc\/s1600-h\/deuda.jpg\" target=\"_blank\" rel=\"noopener\"><img decoding=\"async\" style=\"margin: 0px auto 10px; display: block; text-align: center; cursor: pointer; width: 560px; height: 381px;\" src=\"http:\/\/1.bp.blogspot.com\/_VIxOq4VLwLE\/Sc3fYY0grII\/AAAAAAAAAvM\/W9HPisb9xjc\/s400\/deuda.jpg\" alt=\"\" id=\"BLOGGER_PHOTO_ID_5318152345066974338\" border=\"0\" \/><\/a>A pesar de no compartirlas en su totalidad, en cualquier caso, bienvenidas sean estas declaraciones que se alejan de las mentiras pol\u00edticamente correctas, a\u00fan proviniendo de la Fundaci\u00f3n de Cajas de Ahorros. No obstante las <span style=\"font-style: italic;\">malas lenguas<\/span> dir\u00e1n que jam\u00e1s se miente <a href=\"http:\/\/www.expansion.com\/2009\/03\/29\/empresas\/banca\/1238330773.html\" target=\"_blank\" rel=\"noopener\">en el lecho de muerte&#8230;<\/a><\/p>\n<p>Mis respetos, D. Pablo Alcaide.<\/p><\/div>","protected":false},"excerpt":{"rendered":"<p>El responsable del Departamento de Estad\u00edstica Regional de la Fundaci\u00f3n de las Cajas de Ahorros (Funcas), Pablo Alcaide, parece ser el economista relacionado con la banca m\u00e1s clarividente y\/o sincero y\/o realista. Entre sus declaraciones encontramos, por ejemplo, la de que a Espa\u00f1a le esperan muchos a\u00f1os de crecimiento bajo, que lo peor de esta [&hellip;]<\/p>\n","protected":false},"author":6,"featured_media":0,"comment_status":"open","ping_status":"open","sticky":false,"template":"","format":"standard","meta":{"footnotes":""},"categories":[20],"tags":[],"class_list":["post-381","post","type-post","status-publish","format-standard","hentry","category-sin-categorizar"],"_links":{"self":[{"href":"https:\/\/clusterfamilyoffice.com\/en\/wp-json\/wp\/v2\/posts\/381","targetHints":{"allow":["GET"]}}],"collection":[{"href":"https:\/\/clusterfamilyoffice.com\/en\/wp-json\/wp\/v2\/posts"}],"about":[{"href":"https:\/\/clusterfamilyoffice.com\/en\/wp-json\/wp\/v2\/types\/post"}],"author":[{"embeddable":true,"href":"https:\/\/clusterfamilyoffice.com\/en\/wp-json\/wp\/v2\/users\/6"}],"replies":[{"embeddable":true,"href":"https:\/\/clusterfamilyoffice.com\/en\/wp-json\/wp\/v2\/comments?post=381"}],"version-history":[{"count":0,"href":"https:\/\/clusterfamilyoffice.com\/en\/wp-json\/wp\/v2\/posts\/381\/revisions"}],"wp:attachment":[{"href":"https:\/\/clusterfamilyoffice.com\/en\/wp-json\/wp\/v2\/media?parent=381"}],"wp:term":[{"taxonomy":"category","embeddable":true,"href":"https:\/\/clusterfamilyoffice.com\/en\/wp-json\/wp\/v2\/categories?post=381"},{"taxonomy":"post_tag","embeddable":true,"href":"https:\/\/clusterfamilyoffice.com\/en\/wp-json\/wp\/v2\/tags?post=381"}],"curies":[{"name":"wp","href":"https:\/\/api.w.org\/{rel}","templated":true}]}}