{"id":379,"date":"2009-04-04T00:01:00","date_gmt":"2009-04-04T00:01:00","guid":{"rendered":"https:\/\/clusterfamilyoffice.com\/blog\/?p=379"},"modified":"2009-04-04T00:01:00","modified_gmt":"2009-04-04T00:01:00","slug":"boquerones-fritos-vii","status":"publish","type":"post","link":"https:\/\/clusterfamilyoffice.com\/en\/boquerones-fritos-vii\/","title":{"rendered":"Boquerones Fritos (VII)."},"content":{"rendered":"<div style=\"text-align: justify;\">A continuaci\u00f3n os copio el comentario que nos ha enviado DJ sobre el art\u00edculo <a style=\"font-weight: bold;\" href=\"http:\/\/freshfamilyoffice.blogspot.com\/2009\/03\/changes.html\" target=\"_blank\" rel=\"noopener\">Changes<\/a>. Creo que hace unas reflexiones muy interesantes que merecen ser le\u00eddas y comentadas en forma de post. Como siempre, ser\u00e1 interesant\u00edsimo leer vuestros comentarios al respecto, y en el pr\u00f3ximo art\u00edculo podr\u00e9is leer nuestros comentarios al respecto:<\/p>\n<blockquote style=\"font-style: italic;\"><p>\u00abNos hab\u00e9is vuelto a hablar del problema, pero no de la soluci\u00f3n ni de la estrategia para conseguirla. Imaginad por un momento que el Gobierno del Reino de Espa\u00f1a, o el G-20, recurriera a vuestros servicios como Family Office para solucionar esta crisis y lo que se avecina (el futuro) y pensad en el diagn\u00f3stico de la situaci\u00f3n que har\u00edais y lo qu\u00e9 le recomendar\u00edais (otra cosa es que nos lo quer\u00e1is decir).<\/p>\n<p>Los problemas nunca se resuelven solos y ese es quiz\u00e1s el problema que tenemos aqu\u00ed, que esperamos a que alguien distinto a nosotros haga o diga algo, que esperamos a que las cosas se hagan solas sin pensar casi en la iniciativa individual o colectiva. Como dec\u00eda la canci\u00f3n: \u201cvamos a pasar a la acci\u00f3n\u201d.<\/p>\n<p><a onblur=\"try {parent.deselectBloggerImageGracefully();} catch(e) {}\" href=\"http:\/\/3.bp.blogspot.com\/_VIxOq4VLwLE\/Sc5yyka0LZI\/AAAAAAAAAv8\/RcHiuJk0gXM\/s1600-h\/800px-G20.svg.png\" target=\"_blank\" rel=\"noopener\"><img decoding=\"async\" style=\"margin: 0px auto 10px; display: block; text-align: center; cursor: pointer; width: 535px; height: 300px;\" src=\"http:\/\/3.bp.blogspot.com\/_VIxOq4VLwLE\/Sc5yyka0LZI\/AAAAAAAAAv8\/RcHiuJk0gXM\/s400\/800px-G20.svg.png\" alt=\"\" id=\"BLOGGER_PHOTO_ID_5318314423066307986\" border=\"0\" \/><\/a>Lo de proteger el patrimonio, ya parece m\u00e1s una posibilidad te\u00f3rica que algo factible, al menos de forma absoluta y universal. De hecho, no conozco a nadie, pero a nadie, al que la crisis, esta crisis a\u00fan inacabada, no le haya pasado factura, ni siquiera a los que, en teor\u00eda, asum\u00edan un nivel de riesgo bajo o te\u00f3ricamente nulo. Bien es cierto que a unos les ha ido mejor que a otros, aunque habr\u00eda que estudiar si ha sido fruto de la casualidad, como en algunos casos en tiempos de bonanza, o fruto de un buen plan estrat\u00e9gico y del trabajo bien hecho.<\/p>\n<p>El problema que presentan las econom\u00edas dom\u00e9sticas, por lo general, es que no suelen llevar un registro contable de sus operaciones econ\u00f3micas ni realizan una valoraci\u00f3n global de su patrimonio al cierre de cada ejercicio, como si de una empresa se tratara. Si as\u00ed fuera, creo que tendr\u00edamos motivos para preocuparnos m\u00e1s de lo que lo estamos, de ah\u00ed que este hecho sirva de justificaci\u00f3n, a mi juicio infundada, para no realizar un an\u00e1lisis de la situaci\u00f3n patrimonial a lo largo del tiempo en muchas econom\u00edas dom\u00e9sticas que viven al d\u00eda, y as\u00ed les ha ido en la mayor parte de los casos. \u00bfQu\u00e9 fue de ellos despu\u00e9s? Borr\u00f3n y cuenta nueva, y volver a empezar.<\/p>\n<p><a onblur=\"try {parent.deselectBloggerImageGracefully();} catch(e) {}\" href=\"http:\/\/2.bp.blogspot.com\/_VIxOq4VLwLE\/Sc5x3AmNezI\/AAAAAAAAAv0\/CCheD9kgBTo\/s1600-h\/090115_simone.jpg\" target=\"_blank\" rel=\"noopener\"><img decoding=\"async\" style=\"margin: 0px auto 10px; display: block; text-align: center; cursor: pointer; width: 555px; height: 372px;\" src=\"http:\/\/2.bp.blogspot.com\/_VIxOq4VLwLE\/Sc5x3AmNezI\/AAAAAAAAAv0\/CCheD9kgBTo\/s400\/090115_simone.jpg\" alt=\"\" id=\"BLOGGER_PHOTO_ID_5318313399838145330\" border=\"0\" \/><\/a>Leyendo la prensa y algunos blogs esta semana, me he podido encontrar con visiones y puntos de vista tan contradictorios, que van del mayor optimismo al mayor pesimismo, que casi que vale la pena dejarlos a un lado y reflexionar de forma independiente sobre la crisis. Y lo peor de todo es que casi todos los que escriben lo hacen desde una perspectiva de muy corto plazo, en algunos casos tan corto, que ma\u00f1ana dir\u00e1n lo contrario de lo que han dicho hoy, sin que muchos de sus lectores se den cuenta porque pecan de lo mismo, de una falta de perspectiva a medio o largo plazo, de mirar m\u00e1s al pasado que al presente o al futuro, de una falta de anticipaci\u00f3n y de estrategia de medio o largo plazo y, en definitiva, de falta de previsi\u00f3n, quedando a expensas de lo que los analistas, los medios y los pol\u00edticos les digan. Tampoco tendr\u00edamos que olvidar a todos aquellos que, en lugar de analizar la realidad, lo que buscan es vendernos algo (producto, servicio, teor\u00eda, entre otros), pero que lo adornan y nos lo muestran como si de una noticia se tratara.<\/p>\n<p>Al menos, destacar\u00eda cuatro problemas, que afectan m\u00e1s a unos que a otros pero que est\u00e1n ah\u00ed, tienen soluci\u00f3n (voluntad, acci\u00f3n) y que son: inexistencia de objetivos claros, falta de perspectiva, falta de rigor y falta de esp\u00edritu cr\u00edtico. S\u00f3lo es mi opini\u00f3n.\u00bb<\/p>\n<p>DJ <\/p><\/blockquote>\n<p><\/div>","protected":false},"excerpt":{"rendered":"<p>A continuaci\u00f3n os copio el comentario que nos ha enviado DJ sobre el art\u00edculo Changes. Creo que hace unas reflexiones muy interesantes que merecen ser le\u00eddas y comentadas en forma de post. Como siempre, ser\u00e1 interesant\u00edsimo leer vuestros comentarios al respecto, y en el pr\u00f3ximo art\u00edculo podr\u00e9is leer nuestros comentarios al respecto: \u00abNos hab\u00e9is vuelto [&hellip;]<\/p>\n","protected":false},"author":6,"featured_media":0,"comment_status":"open","ping_status":"open","sticky":false,"template":"","format":"standard","meta":{"footnotes":""},"categories":[20],"tags":[],"class_list":["post-379","post","type-post","status-publish","format-standard","hentry","category-sin-categorizar"],"_links":{"self":[{"href":"https:\/\/clusterfamilyoffice.com\/en\/wp-json\/wp\/v2\/posts\/379","targetHints":{"allow":["GET"]}}],"collection":[{"href":"https:\/\/clusterfamilyoffice.com\/en\/wp-json\/wp\/v2\/posts"}],"about":[{"href":"https:\/\/clusterfamilyoffice.com\/en\/wp-json\/wp\/v2\/types\/post"}],"author":[{"embeddable":true,"href":"https:\/\/clusterfamilyoffice.com\/en\/wp-json\/wp\/v2\/users\/6"}],"replies":[{"embeddable":true,"href":"https:\/\/clusterfamilyoffice.com\/en\/wp-json\/wp\/v2\/comments?post=379"}],"version-history":[{"count":0,"href":"https:\/\/clusterfamilyoffice.com\/en\/wp-json\/wp\/v2\/posts\/379\/revisions"}],"wp:attachment":[{"href":"https:\/\/clusterfamilyoffice.com\/en\/wp-json\/wp\/v2\/media?parent=379"}],"wp:term":[{"taxonomy":"category","embeddable":true,"href":"https:\/\/clusterfamilyoffice.com\/en\/wp-json\/wp\/v2\/categories?post=379"},{"taxonomy":"post_tag","embeddable":true,"href":"https:\/\/clusterfamilyoffice.com\/en\/wp-json\/wp\/v2\/tags?post=379"}],"curies":[{"name":"wp","href":"https:\/\/api.w.org\/{rel}","templated":true}]}}