{"id":365,"date":"2009-05-13T00:01:00","date_gmt":"2009-05-13T00:01:00","guid":{"rendered":"https:\/\/clusterfamilyoffice.com\/blog\/?p=365"},"modified":"2009-05-13T00:01:00","modified_gmt":"2009-05-13T00:01:00","slug":"huelga-ganeral-pataleta-y-brindis-al-sol","status":"publish","type":"post","link":"https:\/\/clusterfamilyoffice.com\/en\/huelga-ganeral-pataleta-y-brindis-al-sol\/","title":{"rendered":"Huelga Ganeral: Pataleta y brindis al sol."},"content":{"rendered":"<div style=\"text-align: justify;\">Los sindicatos siguen sin enterarse de lo que est\u00e1 pasando. Y lo peor es que manipulan la opini\u00f3n p\u00fablica de los trabajadores en la peor y m\u00e1s perjudicial de las direcciones. Ni saben ni quieren saber que esta vez, y sin que sirva de precedente, su enemigo no es la patronal. Ni la derecha, ni la banca, ni nadie a quien insultar o quemar su imagen en un disturbio callejero organizado. Esta vez el enemigo de la sociedad entera, y no s\u00f3lo de la clase obrera, es la Crisis global en la que nos hemos metido y de la que <span style=\"font-weight: bold;\">todos<\/span> somos responsables, tambi\u00e9n los trabajadores.<\/p>\n<p><a onblur=\"try {parent.deselectBloggerImageGracefully();} catch(e) {}\" href=\"http:\/\/1.bp.blogspot.com\/_VIxOq4VLwLE\/Sf28ztRb50I\/AAAAAAAAA0M\/8PjaMmlLr5w\/s1600-h\/crisis.gif\" target=\"_blank\" rel=\"noopener\"><img decoding=\"async\" style=\"margin: 0px auto 10px; display: block; text-align: center; cursor: pointer; width: 568px; height: 265px;\" src=\"http:\/\/1.bp.blogspot.com\/_VIxOq4VLwLE\/Sf28ztRb50I\/AAAAAAAAA0M\/8PjaMmlLr5w\/s400\/crisis.gif\" alt=\"\" id=\"BLOGGER_PHOTO_ID_5331625130388612930\" border=\"0\" \/><\/a>El que est\u00e9 libre de culpa, de la burbuja crediticia que nos ha llevado a esto, que tire la primera piedra (pero no contra un escaparate de McDonalds en cualquier capital espa\u00f1ola). Toda la clase media-alta, media y tambi\u00e9n la media-baja (es decir casi todos) se ha venido <a style=\"font-weight: bold;\" href=\"http:\/\/freshfamilyoffice.blogspot.com\/2008\/07\/nos-hemos-gastado-el-futuro.html\" target=\"_blank\" rel=\"noopener\">gastando el futuro en la \u00faltima d\u00e9cada<\/a>. Como dijimos el verano pasado:<\/p>\n<blockquote style=\"font-style: italic;\"><p>\u00ab&#8230;los <a href=\"http:\/\/www.rankia.com\/blog\/familyoffice\/2007\/06\/financos-e-inverspatas-un-cctel.html\" target=\"_blank\" rel=\"noopener\">financos<\/a> abusaron de los <a href=\"http:\/\/www.rankia.com\/blog\/familyoffice\/2007\/06\/financos-e-inverspatas-un-cctel.html\" target=\"_blank\" rel=\"noopener\">invers\u00f3patas<\/a>; pero tambi\u00e9n los <a href=\"http:\/\/www.perrilandia.com\/rottweiler\/index.htm\" target=\"_blank\" rel=\"noopener\">creditores<\/a> abusaron de <a href=\"http:\/\/www.rankia.com\/blog\/familyoffice\/2007\/07\/el-ferrari-disel-el-zumo-de-naranja.html\" target=\"_blank\" rel=\"noopener\">hipotecof\u00edlicos<\/a> sin estatus de inversor, que a su vez abusaron de su <span style=\"font-weight: bold;\">bienestar ineficiente.<\/span>\u00bb <\/p><\/blockquote>\n<p>A <span style=\"font-weight: bold;\">bienestar ineficiente<\/span> (porque se alimentaba de <a style=\"font-weight: bold;\" href=\"http:\/\/freshfamilyoffice.blogspot.com\/2008\/05\/back-to-future-paradoja-del-tiempo-y.html\" target=\"_blank\" rel=\"noopener\">riqueza debida<\/a>) e irreal que conseguimos en la \u00faltima d\u00e9cada para la mayor\u00eda de la poblaci\u00f3n de Occidente. Hicimos un <span style=\"font-weight: bold;\"><span style=\"font-style: italic;\">upgrade<\/span> masivo<\/span> de la clase baja trabajadora convirti\u00e9ndola en clase media, y de clase media convertida a clase media-alta. Y para ello utilizamos dinero tra\u00eddo del futuro, a base de una burbuja crediticia que nos ha estallado en la cara.<\/p>\n<p><a onblur=\"try {parent.deselectBloggerImageGracefully();} catch(e) {}\" href=\"http:\/\/3.bp.blogspot.com\/_VIxOq4VLwLE\/Sf27g29MeCI\/AAAAAAAAA0E\/642BrccV5VI\/s1600-h\/030422PobresChabolas.jpg\" target=\"_blank\" rel=\"noopener\"><img decoding=\"async\" style=\"margin: 0px auto 10px; display: block; text-align: center; cursor: pointer; width: 597px; height: 364px;\" src=\"http:\/\/3.bp.blogspot.com\/_VIxOq4VLwLE\/Sf27g29MeCI\/AAAAAAAAA0E\/642BrccV5VI\/s400\/030422PobresChabolas.jpg\" alt=\"\" id=\"BLOGGER_PHOTO_ID_5331623707058927650\" border=\"0\" \/><\/a>Pero los sindicatos (me refiero al menos a los espa\u00f1oles, que son los que vemos a diario en los medios de comunicaci\u00f3n) no se han enterado. Todav\u00eda creen que el bienestar del que venimos era real. Se lo han cre\u00eddo tan ingenuamente como se lo crey\u00f3 la mayor\u00eda, pero lo que es realmente grave es que sigan sin reaccionar ante la cruda realidad. <span style=\"font-style: italic;\">\u00abLos derechos b\u00e1sicos de los trabajadores\u00bb, \u00ablas lineas rojas que no van a permitir que la patronal traspase\u00bb<\/span>, etc. son frases que les dejan en evidencia. Lamentablemente no estamos ni estaremos en condiciones de defender esos derechos, ni de marcar l\u00edmites al malestar que se cierne sobre todos nosotros. Pensar que las empresas para las que trabajan van a utilizar la crisis como excusa para aumentar sus beneficios de forma explotadora y codiciosa, no s\u00f3lo es rid\u00edculo, sino que tambi\u00e9n denota una bajeza de miras e incompetencia de los dirigentes sindicales muy grave y preocupante. Cualquiera con dos dedos de frente ve claramente que esta Madre de todas las Crisis se est\u00e1 llevando por delante gran parte del tejido empresarial del primer mundo y especialmente de pa\u00edses como Espa\u00f1a. <span style=\"font-weight: bold;\">Est\u00e1 siendo fulminante<\/span>. Y las cifras macroecon\u00f3micas que vamos conociendo, a posteriori de los hechos que acontecen, son tan estremecedoras que los sindicatos deber\u00edan luchar por conseguir EREs inferiores al 100% y no EREs del 0%.<\/p>\n<p><a onblur=\"try {parent.deselectBloggerImageGracefully();} catch(e) {}\" href=\"http:\/\/3.bp.blogspot.com\/_VIxOq4VLwLE\/Sf3BL-_s7XI\/AAAAAAAAA0c\/3NfEhnclW04\/s1600-h\/cartel14dweb.jpg\" target=\"_blank\" rel=\"noopener\"><img decoding=\"async\" style=\"margin: 0pt 0pt 10px 10px; float: right; cursor: pointer; width: 206px; height: 289px;\" src=\"http:\/\/3.bp.blogspot.com\/_VIxOq4VLwLE\/Sf3BL-_s7XI\/AAAAAAAAA0c\/3NfEhnclW04\/s400\/cartel14dweb.jpg\" alt=\"\" id=\"BLOGGER_PHOTO_ID_5331629945509440882\" border=\"0\" \/><\/a><a onblur=\"try {parent.deselectBloggerImageGracefully();} catch(e) {}\" href=\"http:\/\/3.bp.blogspot.com\/_VIxOq4VLwLE\/Sf3BBBC7IZI\/AAAAAAAAA0U\/g03jSX2mXs8\/s1600-h\/manifestacion-cnt.jpg\" target=\"_blank\" rel=\"noopener\"><img decoding=\"async\" style=\"margin: 0pt 10px 10px 0pt; float: left; cursor: pointer; width: 199px; height: 280px;\" src=\"http:\/\/3.bp.blogspot.com\/_VIxOq4VLwLE\/Sf3BBBC7IZI\/AAAAAAAAA0U\/g03jSX2mXs8\/s400\/manifestacion-cnt.jpg\" alt=\"\" id=\"BLOGGER_PHOTO_ID_5331629757081264530\" border=\"0\" \/><\/a>En los tiempos dif\u00edciles, es comprensible que la clase obrera con una menor capacidad de analisis y formaci\u00f3n, pueda arremeter y centrar su ira en quien paga su salario. Siempre ha sido as\u00ed y no todos estamos obligados a ser capaces de comprender lo que est\u00e1 pasando a nuestro alrededor. Pero los dirigentes sindicales s\u00ed que deben analizar correctamente la situaci\u00f3n. Es su obligaci\u00f3n y su responsabilidad hacerlo y explicarlo de forma comprensible a sus afiliados y a todo su radio de influencia, que es mucho.<\/p>\n<p>Los sindicatos son necesarios en una econom\u00eda expansiva porque deben exigir mejoras en detrimento de un aumento desmesurado de los beneficios empresariales. Y como bien dijo <a href=\"http:\/\/futurfinances.blogspot.com\/\" target=\"_blank\" rel=\"noopener\">Pau A. Monserrat<\/a>, tambi\u00e9n hacen una buena tarea en seguridad laboral y asesoramiento jur\u00eddico. Pero en una situaci\u00f3n depresiva como la actual y en plena destrucci\u00f3n de riqueza global, su labor se debe centrar en la concienciaci\u00f3n de la clase trabajadora, para aunar esfuerzos con un tejido empresarial en grave peligro de extinci\u00f3n. Hacer lo contrario es sumamente irresponsable y <a style=\"font-weight: bold;\" href=\"http:\/\/freshfamilyoffice.blogspot.com\/2009\/01\/solidarnosc.html\" target=\"_blank\" rel=\"noopener\">deber\u00edamos avergonzarnos del papel que est\u00e1n jugando nuestros sindicatos en estos momentos dif\u00edciles<\/a>.<\/p>\n<p>El enemigo fuimos y somos todos, y el pataleo y los brindis al sol como por ejemplo una huelga general (que veremos muy pronto) o pulsos absurdos con la patronal y el Gobierno s\u00f3lo van a empeorar la situaci\u00f3n. Mejor nos ir\u00eda si apretamos los dientes y nos dejamos de buscar demonios y enemigos entre los empresarios y los pol\u00edticos. La Depresi\u00f3n ha venido para quedarse, y lo har\u00e1 hasta que se purgen suficientemente los excesos cometidos por todos, y la productividad supere con tiempo y mucho esfuerzo a la destrucci\u00f3n de riqueza. El lastre que est\u00e1n suponiendo los sindicatos en estos tiempos de recesi\u00f3n, es y ser\u00e1 hist\u00f3ricamente imperdonable. El mundo ha cambiado, y ellos no.<\/div>","protected":false},"excerpt":{"rendered":"<p>Los sindicatos siguen sin enterarse de lo que est\u00e1 pasando. Y lo peor es que manipulan la opini\u00f3n p\u00fablica de los trabajadores en la peor y m\u00e1s perjudicial de las direcciones. Ni saben ni quieren saber que esta vez, y sin que sirva de precedente, su enemigo no es la patronal. Ni la derecha, ni [&hellip;]<\/p>\n","protected":false},"author":6,"featured_media":0,"comment_status":"open","ping_status":"open","sticky":false,"template":"","format":"standard","meta":{"footnotes":""},"categories":[20],"tags":[],"class_list":["post-365","post","type-post","status-publish","format-standard","hentry","category-sin-categorizar"],"_links":{"self":[{"href":"https:\/\/clusterfamilyoffice.com\/en\/wp-json\/wp\/v2\/posts\/365","targetHints":{"allow":["GET"]}}],"collection":[{"href":"https:\/\/clusterfamilyoffice.com\/en\/wp-json\/wp\/v2\/posts"}],"about":[{"href":"https:\/\/clusterfamilyoffice.com\/en\/wp-json\/wp\/v2\/types\/post"}],"author":[{"embeddable":true,"href":"https:\/\/clusterfamilyoffice.com\/en\/wp-json\/wp\/v2\/users\/6"}],"replies":[{"embeddable":true,"href":"https:\/\/clusterfamilyoffice.com\/en\/wp-json\/wp\/v2\/comments?post=365"}],"version-history":[{"count":0,"href":"https:\/\/clusterfamilyoffice.com\/en\/wp-json\/wp\/v2\/posts\/365\/revisions"}],"wp:attachment":[{"href":"https:\/\/clusterfamilyoffice.com\/en\/wp-json\/wp\/v2\/media?parent=365"}],"wp:term":[{"taxonomy":"category","embeddable":true,"href":"https:\/\/clusterfamilyoffice.com\/en\/wp-json\/wp\/v2\/categories?post=365"},{"taxonomy":"post_tag","embeddable":true,"href":"https:\/\/clusterfamilyoffice.com\/en\/wp-json\/wp\/v2\/tags?post=365"}],"curies":[{"name":"wp","href":"https:\/\/api.w.org\/{rel}","templated":true}]}}