{"id":363,"date":"2009-05-18T14:07:00","date_gmt":"2009-05-18T14:07:00","guid":{"rendered":"https:\/\/clusterfamilyoffice.com\/blog\/?p=363"},"modified":"2009-05-18T14:07:00","modified_gmt":"2009-05-18T14:07:00","slug":"paro-en-tiempo-real","status":"publish","type":"post","link":"https:\/\/clusterfamilyoffice.com\/en\/paro-en-tiempo-real\/","title":{"rendered":"Paro en tiempo real."},"content":{"rendered":"<div style=\"text-align: justify;\">El ritmo al que los trabajadores espa\u00f1oles quedan en paro es vertiginoso. Pero si en lugar de comparar cifras mensuales lo hici\u00e9ramos como lo hacen en <a href=\"http:\/\/www.slate.com\/\" target=\"_blank\" rel=\"noopener\">Slate<\/a>, nos dar\u00edamos cuenta de lo que le est\u00e1 pasando a la econom\u00eda y a la sociedad espa\u00f1ola.<\/p>\n<p>En el gr\u00e1fico interactivo de esta \u00abpizarra\u00bb ver\u00e9is c\u00f3mo afecta mes a mes la p\u00e9rdida de empleo a los EE.UU. Me da la sensaci\u00f3n de estar viendo la explosi\u00f3n, en tiempo real, de m\u00faltiples cabezas nucleares en las ciudades m\u00e1s importantes de norteam\u00e9rica en la \u00faltima superproducci\u00f3n <span style=\"font-style: italic;\">hollywoodiana <\/span>al m\u00e1s puro estilo <a href=\"http:\/\/www.youtube.com\/watch?v=SCJeR0UebR8\" target=\"_blank\" rel=\"noopener\">Armageddon<\/a>. Son p\u00e9rdidas de empleo que tardar\u00e1n lustros en recuperarse (a\u00fan alcanzando r\u00e1pidamente el ritmo de crecimiento pasado) y que sin embargo van explotando en meses dejando un rojo cada vez m\u00e1s espeso e intenso en el coraz\u00f3n econ\u00f3mico de los EE.UU.:<\/p>\n<div style=\"text-align: center;\">\n<blockquote><p><a href=\"http:\/\/www.slate.com\/id\/2216238\/\" target=\"_blank\" rel=\"noopener\"><span style=\"font-size:130%;\"><span style=\"font-weight: bold;\">Gr\u00e1fico interactivo<\/span><\/span><\/a><\/p><\/blockquote>\n<\/div>\n<p>El gr\u00e1fico ha utilizado los datos de <a href=\"http:\/\/www.bls.gov\/lau\/\" target=\"_blank\" rel=\"noopener\">LAUS<\/a> (Local Area Unemployment Statistics). Imaginemos ahora que alguien elabore (quiz\u00e1 ya lo hayan hecho) el mismo mapa pero de Espa\u00f1a y con las cifras de paro dom\u00e9sticas en el mismo periodo. Prefiero no verlo porque ser\u00eda escalofriante.<\/p>\n<p><a onblur=\"try {parent.deselectBloggerImageGracefully();} catch(e) {}\" href=\"http:\/\/1.bp.blogspot.com\/_VIxOq4VLwLE\/Sg8NT0dE9KI\/AAAAAAAAA3c\/goBdp_6vPkU\/s1600-h\/paro-marzo-2009_0.png\" target=\"_blank\" rel=\"noopener\"><img decoding=\"async\" style=\"margin: 0px auto 10px; display: block; text-align: center; cursor: pointer; width: 534px; height: 547px;\" src=\"http:\/\/1.bp.blogspot.com\/_VIxOq4VLwLE\/Sg8NT0dE9KI\/AAAAAAAAA3c\/goBdp_6vPkU\/s400\/paro-marzo-2009_0.png\" alt=\"\" id=\"BLOGGER_PHOTO_ID_5336498717606605986\" border=\"0\" \/><\/a>A pesar de todo, <a style=\"font-weight: bold;\" href=\"http:\/\/freshfamilyoffice.blogspot.com\/2009\/05\/huelga-ganeral-pataleta-y-brindis-al.html\" target=\"_blank\" rel=\"noopener\">algunos siguen ofuscados<\/a> y ven en estas dram\u00e1ticas cifras un repentino intento de la patronal por explotar a los trabajadores. Un sindicalismo <a href=\"http:\/\/es.wikipedia.org\/wiki\/Negacionismo\" target=\"_blank\" rel=\"noopener\">negacionista<\/a> del colapso financiero mundial y de la falsa riqueza virtual vivida, que nos lastrar\u00e1 temerariamente la productividad necesaria para intentar salir de la depresi\u00f3n econ\u00f3mica. Mientras tanto sigue <a style=\"font-weight: bold;\" href=\"http:\/\/freshfamilyoffice.blogspot.com\/2009\/02\/do-not-disturbios.html\" target=\"_blank\" rel=\"noopener\">la cuenta atr\u00e1s<\/a> para muchos, pronto para la mayor\u00eda.<\/p>\n<p>P.D. Para re\u00edrnos un poco de nosotr@s mism@s despu\u00e9s de un post tan pesimista, a continuaci\u00f3n ver\u00e9is el \u00faltimo invento de Nintendo:<\/p>\n<p>[youtube=http:\/\/www.youtube.com\/watch?v=_SXNAtwYMBw]<\/p>\n<p>Cuidad\u00edn, porque por menos de nada le llaman a uno machista! \ud83d\ude09<\/div>\n","protected":false},"excerpt":{"rendered":"<p>El ritmo al que los trabajadores espa\u00f1oles quedan en paro es vertiginoso. Pero si en lugar de comparar cifras mensuales lo hici\u00e9ramos como lo hacen en Slate, nos dar\u00edamos cuenta de lo que le est\u00e1 pasando a la econom\u00eda y a la sociedad espa\u00f1ola. En el gr\u00e1fico interactivo de esta \u00abpizarra\u00bb ver\u00e9is c\u00f3mo afecta mes [&hellip;]<\/p>\n","protected":false},"author":6,"featured_media":0,"comment_status":"open","ping_status":"open","sticky":false,"template":"","format":"standard","meta":{"footnotes":""},"categories":[20],"tags":[],"class_list":["post-363","post","type-post","status-publish","format-standard","hentry","category-sin-categorizar"],"_links":{"self":[{"href":"https:\/\/clusterfamilyoffice.com\/en\/wp-json\/wp\/v2\/posts\/363","targetHints":{"allow":["GET"]}}],"collection":[{"href":"https:\/\/clusterfamilyoffice.com\/en\/wp-json\/wp\/v2\/posts"}],"about":[{"href":"https:\/\/clusterfamilyoffice.com\/en\/wp-json\/wp\/v2\/types\/post"}],"author":[{"embeddable":true,"href":"https:\/\/clusterfamilyoffice.com\/en\/wp-json\/wp\/v2\/users\/6"}],"replies":[{"embeddable":true,"href":"https:\/\/clusterfamilyoffice.com\/en\/wp-json\/wp\/v2\/comments?post=363"}],"version-history":[{"count":0,"href":"https:\/\/clusterfamilyoffice.com\/en\/wp-json\/wp\/v2\/posts\/363\/revisions"}],"wp:attachment":[{"href":"https:\/\/clusterfamilyoffice.com\/en\/wp-json\/wp\/v2\/media?parent=363"}],"wp:term":[{"taxonomy":"category","embeddable":true,"href":"https:\/\/clusterfamilyoffice.com\/en\/wp-json\/wp\/v2\/categories?post=363"},{"taxonomy":"post_tag","embeddable":true,"href":"https:\/\/clusterfamilyoffice.com\/en\/wp-json\/wp\/v2\/tags?post=363"}],"curies":[{"name":"wp","href":"https:\/\/api.w.org\/{rel}","templated":true}]}}