{"id":359,"date":"2009-05-27T10:21:00","date_gmt":"2009-05-27T10:21:00","guid":{"rendered":"https:\/\/clusterfamilyoffice.com\/blog\/?p=359"},"modified":"2009-05-27T10:21:00","modified_gmt":"2009-05-27T10:21:00","slug":"euroescepticismo-economico","status":"publish","type":"post","link":"https:\/\/clusterfamilyoffice.com\/en\/euroescepticismo-economico\/","title":{"rendered":"Euroescepticismo econ\u00f3mico."},"content":{"rendered":"<div style=\"text-align: justify;\">Hoy nos encontramos ante un panorama de <span style=\"font-weight: bold;\">crisis financiera<\/span> en v\u00edas de&#8230; digamos <span style=\"font-style: italic;\">superaci\u00f3n<\/span> (USA), ya que <span style=\"font-style: italic;\">soluci\u00f3n<\/span> no ser\u00eda la palabra mas adecuada. Y en cuanto a Europa, ni siquiera eso. Pero sin embargo la <span style=\"font-weight: bold;\">crisis econ\u00f3mica<\/span> mundial no ha hecho m\u00e1s que empezar, y cuando las finanzas quedan en segundo plano (o primer plano bis) y el principal fuego que apagar es la crisis econ\u00f3mica que derivar\u00e1 hacia crisis social, las medidas a tomar s\u00f3lo pueden ser efectivas si son dr\u00e1sticas o incluso draconianas. Las ca\u00eddas de PIBs tienen <a href=\"http:\/\/www.expansion.com\/2009\/05\/26\/economia-politica\/1243324715.html\" target=\"_blank\" rel=\"noopener\">registros r\u00e9cord por doquier <\/a>y el colapso de las econom\u00edas se convierte ya en <a style=\"font-weight: bold;\" href=\"http:\/\/freshfamilyoffice.blogspot.com\/2009\/05\/paro-en-tiempo-real.html\" target=\"_blank\" rel=\"noopener\">dramas sociales<\/a> que todav\u00eda son la mera <a style=\"font-weight: bold;\" href=\"http:\/\/freshfamilyoffice.blogspot.com\/2009\/02\/do-not-disturbios.html\" target=\"_blank\" rel=\"noopener\">punta del iceberg<\/a> del <a style=\"font-weight: bold;\" href=\"http:\/\/freshfamilyoffice.blogspot.com\/2009\/02\/wwff-will-work-for-food.html\" target=\"_blank\" rel=\"noopener\">WWFF<\/a> que cre\u00edamos olvidado en occidente. Especialmente en un pa\u00eds como el nuestro, con un paro que superar\u00e1 el 25%, las medidas a tomar son especialmente urgentes, necesarias e inevitables.<\/div>\n<div style=\"text-align: justify;\"><a onblur=\"try {parent.deselectBloggerImageGracefully();} catch(e) {}\" href=\"http:\/\/3.bp.blogspot.com\/_VIxOq4VLwLE\/Sh0muQfy-VI\/AAAAAAAAA5M\/JGi1SZeeRQA\/s1600-h\/Pobreza.jpg\" target=\"_blank\" rel=\"noopener\"><img decoding=\"async\" style=\"margin: 0px auto 10px; display: block; text-align: center; cursor: pointer; width: 533px; height: 365px;\" src=\"http:\/\/3.bp.blogspot.com\/_VIxOq4VLwLE\/Sh0muQfy-VI\/AAAAAAAAA5M\/JGi1SZeeRQA\/s400\/Pobreza.jpg\" alt=\"\" id=\"BLOGGER_PHOTO_ID_5340467309275445586\" border=\"0\" \/><\/a>A pesar de que todav\u00eda hoy se oyen muchas pseudo-eminentes voces que proclaman con alegr\u00eda la fortaleza del Euro contra el resto de divisas del mundo mundial, la realidad es que hoy en d\u00eda la ventaja es de los que deval\u00faan. De hecho siempre ha sido as\u00ed en los momentos dif\u00edciles de la econom\u00eda de un pa\u00eds. Pero la globalizaci\u00f3n ha cambiado el mundo, tambi\u00e9n en lo que a relaci\u00f3n de divisas se refiere, y cuando las dificultades macroecon\u00f3micas son ya globales, alguien debe hacer de <a href=\"http:\/\/freshfamilyoffice.blogspot.com\/2007\/09\/luz-al-final-del-tunel.html\" target=\"_blank\" rel=\"noopener\">pardillo(UE)<\/a>. Es decir, al menos una de las divisas principales del mundo debe apreciarse como contraparte de las que se deprecian, ganando \u00e9stas en competitividad y teniendo m\u00e1s opciones alg\u00fan d\u00eda de levantar cabeza en la Gran Depresi\u00f3n.<\/p>\n<p><a onblur=\"try {parent.deselectBloggerImageGracefully();} catch(e) {}\" href=\"http:\/\/2.bp.blogspot.com\/_VIxOq4VLwLE\/Sh0scJQi_LI\/AAAAAAAAA5U\/Xy15qdiW1pI\/s1600-h\/european_union.gif\" target=\"_blank\" rel=\"noopener\"><img decoding=\"async\" style=\"margin: 0px auto 10px; display: block; text-align: center; cursor: pointer; width: 535px; height: 465px;\" src=\"http:\/\/2.bp.blogspot.com\/_VIxOq4VLwLE\/Sh0scJQi_LI\/AAAAAAAAA5U\/Xy15qdiW1pI\/s400\/european_union.gif\" alt=\"\" id=\"BLOGGER_PHOTO_ID_5340473595164556466\" border=\"0\" \/><\/a>De hecho, a toda la Uni\u00f3n Europea le vendr\u00eda muy bien un Euro competitivo que reactivara las exportaciones y remontara los PIBs en la Eurozona. Pero para ello necesitar\u00eda perder valor contra las dem\u00e1s divisas principales, es decir USD, y las dem\u00e1s secundarias (GBP, YEN, CHF y poco m\u00e1s). O sea que necesitar\u00eda que una parte del mundo desarrollado, con capacidad econ\u00f3mica, tenga una econom\u00eda fuerte que soporte las miserias del que est\u00e1 en apuros. Que fortaleciera sus divisas permiti\u00e9ndo as\u00ed ganar competitividad a la divisa d\u00e9bil y reactivar as\u00ed la econom\u00eda del pa\u00eds pobre. Pero no. Hoy estamos todos mal, muy mal. Y nadie quiere ni puede permitirse el rol de pa\u00eds y divisa fuerte. Todos necesitamos una devaluaci\u00f3n como el aire que respiramos, americanos y europeos (unos m\u00e1s que otros). Tonto el \u00faltimo. Y el \u00faltimo tonto hasta hoy viene siendo el<span style=\"font-style: italic;\"> flamante y fuerte<\/span> \u20ac, para regocijo de europeos miopes y de no-europeos \u00e1giles con sus respectivos bancos centrales.<\/p>\n<p><a onblur=\"try {parent.deselectBloggerImageGracefully();} catch(e) {}\" href=\"http:\/\/3.bp.blogspot.com\/_VIxOq4VLwLE\/Sh0003G8wFI\/AAAAAAAAA5s\/pfxziPa0u8E\/s1600-h\/europ1_legendes.jpg\" target=\"_blank\" rel=\"noopener\"><img decoding=\"async\" style=\"margin: 0px auto 10px; display: block; text-align: center; cursor: pointer; width: 529px; height: 372px;\" src=\"http:\/\/3.bp.blogspot.com\/_VIxOq4VLwLE\/Sh0003G8wFI\/AAAAAAAAA5s\/pfxziPa0u8E\/s400\/europ1_legendes.jpg\" alt=\"\" id=\"BLOGGER_PHOTO_ID_5340482815882215506\" border=\"0\" \/><\/a>En <a style=\"font-weight: bold;\" href=\"http:\/\/freshfamilyoffice.blogspot.com\/2009\/01\/la-era-de-las-devaluaciones.html\" target=\"_blank\" rel=\"noopener\">La Era de las Devaluaciones<\/a> mencionamos varios motivos por los cuales era complicado devaluar para salir adelante. Uno de ellos era la <a href=\"http:\/\/www.expansion.com\/2009\/05\/25\/opinion\/llave-online\/1243240352.html\" target=\"_blank\" rel=\"noopener\">incapacidad de financiarse<\/a> que tendr\u00eda un pa\u00eds con capacidad de devaluar su divisa de forma aut\u00f3noma, como anta\u00f1o. Pero en los \u00faltimos meses estamos viendo c\u00f3mo tambi\u00e9n dentro de la Uni\u00f3n Monetaria la deuda soberana de algunos estados cotiza muy por encima de otros y est\u00e1 encareciendo la financiaci\u00f3n, incluso con una moneda \u00fanica. Por ejemplo Irlanda\/Espa\u00f1a y Alemania\/Francia cotizan a precios muy dispares desde hace unos meses. <span style=\"font-weight: bold;\">Pero la raz\u00f3n no es s\u00f3lo la prima de riesgo por insolvencia o quiebra estatal, ya que existen diferencias muy grandes incluso en los bonos a un a\u00f1o, tambi\u00e9n cotiza la mayor o menor capacidad de cada uno para superar la depresi\u00f3n a medio plazo, y quiz\u00e1 cotice algo m\u00e1s a corto<\/span>. Unos diferenciales que probablemente aumenten en los pr\u00f3ximos meses, cuando las incapacidades de unos y otros queden m\u00e1s y m\u00e1s en evidencia. El caso es que, al igual como sucedi\u00f3 con el desequilibrio que detectamos en <a href=\"http:\/\/freshfamilyoffice.blogspot.com\/2008\/04\/la-qumica-inestable-de-la-molcula.html\" target=\"_blank\" rel=\"noopener\">abril 2008<\/a>, la mol\u00e9cula econ\u00f3mica tender\u00e1 tambi\u00e9n al reequilibrio. Es decir, que o bien los costes de financiaci\u00f3n se vuelven a aproximar entre pa\u00edses miembros de una Uni\u00f3n Europea que econ\u00f3micamente tienda a la convergencia (poco probable en nuestra opini\u00f3n); o bien se ampl\u00edan las diferencias y la divergencia se lleva por delante la Uni\u00f3n, comenzando por la parte financiera de \u00e9sta.<\/p>\n<p><a onblur=\"try {parent.deselectBloggerImageGracefully();} catch(e) {}\" href=\"http:\/\/4.bp.blogspot.com\/_VIxOq4VLwLE\/Sh0ysaqn4-I\/AAAAAAAAA5c\/Byq8muPjUV8\/s1600-h\/trichet.jpg\" target=\"_blank\" rel=\"noopener\"><img decoding=\"async\" style=\"margin: 0px auto 10px; display: block; text-align: center; cursor: pointer; width: 522px; height: 370px;\" src=\"http:\/\/4.bp.blogspot.com\/_VIxOq4VLwLE\/Sh0ysaqn4-I\/AAAAAAAAA5c\/Byq8muPjUV8\/s400\/trichet.jpg\" alt=\"\" id=\"BLOGGER_PHOTO_ID_5340480471785006050\" border=\"0\" \/><\/a>Este escenario nos lleva al <span style=\"font-weight: bold;\">euroescepticismo econ\u00f3mico<\/span> (que no pol\u00edtico), voluntario o involuntario. \u00bfHasta cu\u00e1ndo la UE podr\u00e1 mantener de la mano pa\u00edses ricos y pobres en un entorno tan dif\u00edcil? Esta crisis global que est\u00e1 impidiendo una divisa competitiva en un entorno de \u00ab<a style=\"font-weight: bold;\" href=\"http:\/\/freshfamilyoffice.blogspot.com\/2009\/03\/otro-listo-la-lista.html\" target=\"_blank\" rel=\"noopener\">tonto el \u00faltimo<\/a>\u00ab, quiz\u00e1 no llegue a romper los lazos pol\u00edticos de la UE, pero se llevar\u00e1 por delante una uni\u00f3n econ\u00f3mica que parec\u00eda equilibrar las diferencias entre pa\u00edses. Pero s\u00f3lo lo parec\u00eda. Y este colapso hundir\u00e1 en la miseria a muchos, sobre todo a aquellos pa\u00edses que no tengan la valent\u00eda y\/o la capacidad para tomar esas medidas dr\u00e1sticas y draconianas.<\/p>\n<blockquote><p><span style=\"font-weight: bold; font-style: italic;\">\u00abUna vez descartado lo imposible, lo que queda, por improbable que parezca, debe ser la verdad.<\/span><span style=\"font-style: italic;\">\u00ab<\/span><\/p>\n<p><a style=\"font-style: italic;\" href=\"http:\/\/es.wikipedia.org\/wiki\/Arthur_Conan_Doyle\" target=\"_blank\" rel=\"noopener\">Sir Arthur Conan Doyle<\/a><span style=\"font-style: italic;\"> (1859-1930)<\/span><\/p><\/blockquote>\n<p><\/div>","protected":false},"excerpt":{"rendered":"<p>Hoy nos encontramos ante un panorama de crisis financiera en v\u00edas de&#8230; digamos superaci\u00f3n (USA), ya que soluci\u00f3n no ser\u00eda la palabra mas adecuada. Y en cuanto a Europa, ni siquiera eso. Pero sin embargo la crisis econ\u00f3mica mundial no ha hecho m\u00e1s que empezar, y cuando las finanzas quedan en segundo plano (o primer [&hellip;]<\/p>\n","protected":false},"author":6,"featured_media":0,"comment_status":"open","ping_status":"open","sticky":false,"template":"","format":"standard","meta":{"footnotes":""},"categories":[20],"tags":[],"class_list":["post-359","post","type-post","status-publish","format-standard","hentry","category-sin-categorizar"],"_links":{"self":[{"href":"https:\/\/clusterfamilyoffice.com\/en\/wp-json\/wp\/v2\/posts\/359","targetHints":{"allow":["GET"]}}],"collection":[{"href":"https:\/\/clusterfamilyoffice.com\/en\/wp-json\/wp\/v2\/posts"}],"about":[{"href":"https:\/\/clusterfamilyoffice.com\/en\/wp-json\/wp\/v2\/types\/post"}],"author":[{"embeddable":true,"href":"https:\/\/clusterfamilyoffice.com\/en\/wp-json\/wp\/v2\/users\/6"}],"replies":[{"embeddable":true,"href":"https:\/\/clusterfamilyoffice.com\/en\/wp-json\/wp\/v2\/comments?post=359"}],"version-history":[{"count":0,"href":"https:\/\/clusterfamilyoffice.com\/en\/wp-json\/wp\/v2\/posts\/359\/revisions"}],"wp:attachment":[{"href":"https:\/\/clusterfamilyoffice.com\/en\/wp-json\/wp\/v2\/media?parent=359"}],"wp:term":[{"taxonomy":"category","embeddable":true,"href":"https:\/\/clusterfamilyoffice.com\/en\/wp-json\/wp\/v2\/categories?post=359"},{"taxonomy":"post_tag","embeddable":true,"href":"https:\/\/clusterfamilyoffice.com\/en\/wp-json\/wp\/v2\/tags?post=359"}],"curies":[{"name":"wp","href":"https:\/\/api.w.org\/{rel}","templated":true}]}}