{"id":351,"date":"2009-06-12T03:12:00","date_gmt":"2009-06-12T03:12:00","guid":{"rendered":"https:\/\/clusterfamilyoffice.com\/blog\/?p=351"},"modified":"2009-06-12T03:12:00","modified_gmt":"2009-06-12T03:12:00","slug":"exclusion-social-y-show-business-1","status":"publish","type":"post","link":"https:\/\/clusterfamilyoffice.com\/en\/exclusion-social-y-show-business-1\/","title":{"rendered":"Exclusi\u00f3n Social y Show Business (1)."},"content":{"rendered":"<div style=\"text-align: justify;\"><a onblur=\"try {parent.deselectBloggerImageGracefully();} catch(e) {}\" href=\"http:\/\/2.bp.blogspot.com\/_VIxOq4VLwLE\/SjJwvp_7HPI\/AAAAAAAAA9U\/rcqyOtBM0Ng\/s1600-h\/nuevo-mapa-de-la-pobreza.jpg\" target=\"_blank\" rel=\"noopener\"><img decoding=\"async\" style=\"margin: 0pt 10px 10px 0pt; float: left; cursor: pointer; width: 361px; height: 486px;\" src=\"http:\/\/2.bp.blogspot.com\/_VIxOq4VLwLE\/SjJwvp_7HPI\/AAAAAAAAA9U\/rcqyOtBM0Ng\/s400\/nuevo-mapa-de-la-pobreza.jpg\" alt=\"\" id=\"BLOGGER_PHOTO_ID_5346459671672331506\" border=\"0\" \/><\/a>Se est\u00e1 poniendo de lamentable moda el concepto de exclu\u00edd@ social, porque est\u00e1 afectando a segmentos de la poblaci\u00f3n que cre\u00edamos muy lejos de la marginaci\u00f3n: La clase media y media\/baja. Las cifras son espeluznantes y se amplifican con la falsa placidez del hundimiento del Titanic. En organizaciones como <a href=\"http:\/\/www.caritas.es\/\" target=\"_blank\" rel=\"noopener\">C\u00e1ritas<\/a> en los primeros 5 meses de este a\u00f1o se han recibido m\u00e1s solicitudes en los servicios de acogida y atenci\u00f3n primaria que en todo el a\u00f1o 2007. Y lo que es a\u00fan m\u00e1s preocupante es el perfil de las personas que han disparado las estad\u00edsticas de estos servicios. No se trata de personas sin techo, con problemas de adicciones, etc. Ni siquiera se trata de personas que han quedado sin empleo y en la calle. <span style=\"font-weight: bold;\">El perfil es de personas con trabajo, pero cuyos sueldos van casi \u00edntegramente o en su totalidad para pagar cuotas de hipoteca y pr\u00e9stamos varios reunificados desesperadamente<\/span>, con condiciones impagables por muchos a\u00f1os que vivan y produzcan. \u00bfC\u00f3mo han llegado estas familias a esa situaci\u00f3n de endeudamiento, incapacidad de pago y quiebra vital que les arroja a la exclusi\u00f3n social? Pues b\u00e1sicamente por tres causas: La incitaci\u00f3n bancaria al endeudamiento, la incitaci\u00f3n social al consumo y la incapacidad e imprudencia de los protagonistas de estas desesperantes estad\u00edsticas. La crisis econ\u00f3mica y la dificultad para mantener unos sueldos suficientemente elevados (alejados de la productividad competitiva) ha hecho, est\u00e1 haciendo y har\u00e1, el resto.<\/p>\n<p>Por debajo de estas familias con trabajo e ingresos, pero incapaces de hacer frente a su endeudamiento, tenemos que a\u00f1adir a las que han perdido sus puestos de trabajo y no son capaces de encontrar ingresos sustitutivos. Y por supuesto tambi\u00e9n los cl\u00e1sicos marginados y exclu\u00eddos de siempre, cuya cifra tambi\u00e9n aumenta alimentada por la desesperaci\u00f3n de los parados que caen en la espiral de la marginaci\u00f3n y delincuencia.<\/p>\n<p><span style=\"font-weight: bold;\">En definitiva estamos viendo ayudas del todo insuficientes y desbordadas ante demandas ingentes, exponenciales y globales<\/span>, que se llevar\u00e1n tambi\u00e9n por delante la capacidad de las ONGs para paliar las necesidades del tercer mundo en favor de las, cada vez m\u00e1s acuciantes, necesidades del primero. Una prueba m\u00e1s de lo que dijimos hace casi medio a\u00f1o: <span style=\"font-style: italic;\">El escenario va a ser un infierno inimaginable para la generaci\u00f3n de j\u00f3venes que todo compraban y ten\u00edan, gracias al cr\u00e9dito y a los ahorros de sus antepasados.<\/span> <span style=\"font-weight: bold;\"><a href=\"http:\/\/freshfamilyoffice.blogspot.com\/2009\/02\/do-not-disturbios.html\" target=\"_blank\" rel=\"noopener\">Una sudamericanizaci\u00f3n cada d\u00eda m\u00e1s evidente<\/a>, pero no s\u00f3lo a nivel econ\u00f3mico-social sino tambi\u00e9n a nivel econ\u00f3mico-estatal.<\/span><\/p>\n<p><a onblur=\"try {parent.deselectBloggerImageGracefully();} catch(e) {}\" href=\"http:\/\/2.bp.blogspot.com\/_VIxOq4VLwLE\/SjKJ9JvhhVI\/AAAAAAAAA9s\/KqmWLre4C6U\/s1600-h\/barca2gr.jpg\" target=\"_blank\" rel=\"noopener\"><img decoding=\"async\" style=\"margin: 0px auto 10px; display: block; text-align: center; cursor: pointer; width: 581px; height: 410px;\" src=\"http:\/\/2.bp.blogspot.com\/_VIxOq4VLwLE\/SjKJ9JvhhVI\/AAAAAAAAA9s\/KqmWLre4C6U\/s400\/barca2gr.jpg\" alt=\"\" id=\"BLOGGER_PHOTO_ID_5346487391322473810\" border=\"0\" \/><\/a>The <a href=\"http:\/\/es.wikipedia.org\/wiki\/Brecha_digital\" target=\"_blank\" rel=\"noopener\">brecha digital<\/a> diferenci\u00f3 el primer del tercer mundo en los \u00faltimos a\u00f1os, pero la brecha social que se est\u00e1 produciendo en pa\u00edses como Espa\u00f1a, en un escenario tecnol\u00f3gicamente alfabetizado, nos relega a una profundizaci\u00f3n de la diferencia de clases. Algo que pens\u00e1bamos haber dejado atr\u00e1s con la masificaci\u00f3n y popularizaci\u00f3n de la clase media. Pero resulta que en un entorno rico en tecnolog\u00edas de la informaci\u00f3n y telecomunicaci\u00f3n, esa clase media era en realidad enriquecida con dinero debido, <span style=\"font-weight: bold;\"><a href=\"http:\/\/freshfamilyoffice.blogspot.com\/2008\/05\/back-to-future-paradoja-del-tiempo-y.html\" target=\"_blank\" rel=\"noopener\">virtual<\/a> <\/span>y pobre.<\/p>\n<p>Continuar\u00e1 con el Show Business&#8230;<\/p>\n<\/div>","protected":false},"excerpt":{"rendered":"<p>Se est\u00e1 poniendo de lamentable moda el concepto de exclu\u00edd@ social, porque est\u00e1 afectando a segmentos de la poblaci\u00f3n que cre\u00edamos muy lejos de la marginaci\u00f3n: La clase media y media\/baja. Las cifras son espeluznantes y se amplifican con la falsa placidez del hundimiento del Titanic. En organizaciones como C\u00e1ritas en los primeros 5 meses [&hellip;]<\/p>\n","protected":false},"author":6,"featured_media":0,"comment_status":"open","ping_status":"open","sticky":false,"template":"","format":"standard","meta":{"footnotes":""},"categories":[20],"tags":[],"class_list":["post-351","post","type-post","status-publish","format-standard","hentry","category-sin-categorizar"],"_links":{"self":[{"href":"https:\/\/clusterfamilyoffice.com\/en\/wp-json\/wp\/v2\/posts\/351","targetHints":{"allow":["GET"]}}],"collection":[{"href":"https:\/\/clusterfamilyoffice.com\/en\/wp-json\/wp\/v2\/posts"}],"about":[{"href":"https:\/\/clusterfamilyoffice.com\/en\/wp-json\/wp\/v2\/types\/post"}],"author":[{"embeddable":true,"href":"https:\/\/clusterfamilyoffice.com\/en\/wp-json\/wp\/v2\/users\/6"}],"replies":[{"embeddable":true,"href":"https:\/\/clusterfamilyoffice.com\/en\/wp-json\/wp\/v2\/comments?post=351"}],"version-history":[{"count":0,"href":"https:\/\/clusterfamilyoffice.com\/en\/wp-json\/wp\/v2\/posts\/351\/revisions"}],"wp:attachment":[{"href":"https:\/\/clusterfamilyoffice.com\/en\/wp-json\/wp\/v2\/media?parent=351"}],"wp:term":[{"taxonomy":"category","embeddable":true,"href":"https:\/\/clusterfamilyoffice.com\/en\/wp-json\/wp\/v2\/categories?post=351"},{"taxonomy":"post_tag","embeddable":true,"href":"https:\/\/clusterfamilyoffice.com\/en\/wp-json\/wp\/v2\/tags?post=351"}],"curies":[{"name":"wp","href":"https:\/\/api.w.org\/{rel}","templated":true}]}}