{"id":348,"date":"2009-06-19T10:52:00","date_gmt":"2009-06-19T10:52:00","guid":{"rendered":"https:\/\/clusterfamilyoffice.com\/blog\/?p=348"},"modified":"2009-06-19T10:52:00","modified_gmt":"2009-06-19T10:52:00","slug":"los-intocables-de-vicente-ferrer","status":"publish","type":"post","link":"https:\/\/clusterfamilyoffice.com\/en\/los-intocables-de-vicente-ferrer\/","title":{"rendered":"Los Intocables de Vicente Ferrer."},"content":{"rendered":"<div style=\"text-align: justify;\">Hoy no hablaremos de gesti\u00f3n de patrimonios, aunque s\u00ed de Riqueza en may\u00fasculas. Es un d\u00eda triste y sin embargo no hablaremos de la crisis. Hoy es un d\u00eda para reflexionar con una perspectiva que va m\u00e1s all\u00e1 del <span style=\"font-style: italic;\">big picture<\/span> que tantas veces hemos comentado en nuestros art\u00edculos. Hoy tambi\u00e9n es un d\u00eda de tristeza por la p\u00e9rdida de alguien \u00fanico.<\/p>\n<p><a onblur=\"try {parent.deselectBloggerImageGracefully();} catch(e) {}\" href=\"http:\/\/2.bp.blogspot.com\/_VIxOq4VLwLE\/Sjtyelwed_I\/AAAAAAAABAE\/-HWqkMfmziI\/s1600-h\/1238060799_0.jpg\" target=\"_blank\" rel=\"noopener\"><img decoding=\"async\" style=\"margin: 0px auto 10px; display: block; text-align: center; cursor: pointer; width: 504px; height: 268px;\" src=\"http:\/\/2.bp.blogspot.com\/_VIxOq4VLwLE\/Sjtyelwed_I\/AAAAAAAABAE\/-HWqkMfmziI\/s400\/1238060799_0.jpg\" alt=\"\" id=\"BLOGGER_PHOTO_ID_5348994852289673202\" border=\"0\" \/><\/a>Esta noche ha muerto una gran persona: <span style=\"font-weight: bold;\">Vicente Ferrer. <\/span>Jam\u00e1s lo beatificar\u00e1n como a su <a href=\"http:\/\/es.wikipedia.org\/wiki\/Vicente_Ferrer_%28santo%29\" target=\"_blank\" rel=\"noopener\">hom\u00f3nimo<\/a> (y por ello la iglesia quedar\u00e1 una vez m\u00e1s en evidencia), pero no tengo palabras para cumplimentar lo suficiente a este hombre comprometido como nadie con los necesitados. 50 a\u00f1os dedicados exclusivamente a ayudar a los m\u00e1s pobres y necesitados de la regi\u00f3n m\u00e1s rec\u00f3ndita y miserable de la India, Anantapur. Una casta, <a href=\"http:\/\/es.wikipedia.org\/wiki\/Dalit\" target=\"_blank\" rel=\"noopener\">los intocables o dalit<\/a>, que son relegados a la m\u00e1s extrema marginaci\u00f3n. Ah\u00ed lleg\u00f3 Vicente Ferrer hace 50 a\u00f1os, al coraz\u00f3n de la marginaci\u00f3n, donde m\u00e1s necesidad hab\u00eda. Su labor, y la de todos los donantes, han conseguido que hoy la <a href=\"http:\/\/www.fundacionvicenteferrer.org\/\" target=\"_blank\" rel=\"noopener\">Fundaci\u00f3n Vicente Ferrer<\/a> sea un ejemplo de entidad de cooperaci\u00f3n.<\/p>\n<p>[youtube=http:\/\/www.youtube.com\/watch?v=_njWChYYsyY]<\/p>\n<p>Populariz\u00f3 los apadrinamientos de la manera m\u00e1s sensible y efectiva, y hoy dependen de la labor de su equipo m\u00e1s de 2,5 millones de personas. Cifras estremecedoras que nos deber\u00edan avergonzar a todos si las comparamos con lo que hemos hecho nosotros por los m\u00e1s necesitados. Personalmente pienso que pocas veces ha estado m\u00e1s justificado un Premio Nobel de la Paz. Un hombre que destin\u00f3, como no pod\u00eda ser de otro modo, todos sus ingresos recibidos en los m\u00faltiples reconocimientos y premios a la misma causa.<\/p>\n<p>[youtube=http:\/\/www.youtube.com\/watch?v=39ccK5tRhaM]<\/p>\n<p>Afortunadamente, su esposa y compa\u00f1era Ana Ferrer, su hijo Moncho, y su sobrino Jordi Folgado Ferrer, van a seguir con la labor mientras todos nosotros queramos. Os dejo con el mensaje de este maravilloso equipo en este d\u00eda tan triste para la Humanidad:<\/p>\n<div class=\"content\">\n<blockquote style=\"font-weight: bold;\">\n<p>\u00abCon gran tristeza os escribo este mensaje para comunicaros que mi querido esposo y nuestro gran amigo Vicente Ferrer ha fallecido pac\u00edficamente a las 01:15 del 19 de junio despu\u00e9s de algunas complicaciones en su enfermedad cardiaca y la embolia que sufri\u00f3 recientemente.<\/p>\n<p>S\u00e9 que todos sentimos que Vicente ha llevado a cabo mucho m\u00e1s que una gran obra en el transcurso de su vida. Ahora ha llegado su momento de descansar en paz, y el nuestro de continuar con la gran labor que \u00e9l comenz\u00f3 as\u00ed como de difundir sus ideales de compromiso con los m\u00e1s desfavorecidos y \u201cla acci\u00f3n\u201d para remediar el sufrimiento de este mundo.<\/p>\n<p>Todos vosotros hab\u00e9is estado mental y espiritualmente con nosotros a lo largo de estos tres meses desde que Vicente sufriera la embolia el pasado 19 de marzo, y hab\u00e9is sido una gran ayuda y apoyo.<\/p>\n<p>Para m\u00ed, mi esposo no se ha marchado, sino que vive en cada rinc\u00f3n de Anantapur y en cada parte del trabajo en nuestras aldeas. Para todos nosotros en India y en Espa\u00f1a, \u00e9l sigue viviendo a trav\u00e9s de sus sencillas palabras y mensajes, que tienen significado para todas las personas, sea cual sea su credo o condici\u00f3n.<\/p>\n<p>Anna Ferrer, Moncho Ferrer, Jordi Folgado y los miembros de la familia.\u00bb<\/p>\n<\/blockquote>\n<p>[youtube=http:\/\/www.youtube.com\/watch?v=N5qvxEHv_DE]<\/p>\n<p>Os puedo asegurar que lo que v\u00e9is en estos 3 videos es la pura realidad. Si despu\u00e9s de verlos, no sent\u00eds la necesidad de Ayudar (a cualquiera y de cualquier manera), os compadezco.<\/p>\n<p>Descanse en paz este hombre \u00edntegro, bueno y ejemplar. Infinitas gracias y namast\u00e9.<\/p>\n<\/p><\/div>\n<\/div>\n","protected":false},"excerpt":{"rendered":"<p>Hoy no hablaremos de gesti\u00f3n de patrimonios, aunque s\u00ed de Riqueza en may\u00fasculas. Es un d\u00eda triste y sin embargo no hablaremos de la crisis. Hoy es un d\u00eda para reflexionar con una perspectiva que va m\u00e1s all\u00e1 del big picture que tantas veces hemos comentado en nuestros art\u00edculos. Hoy tambi\u00e9n es un d\u00eda de [&hellip;]<\/p>\n","protected":false},"author":6,"featured_media":0,"comment_status":"open","ping_status":"open","sticky":false,"template":"","format":"standard","meta":{"footnotes":""},"categories":[20],"tags":[],"class_list":["post-348","post","type-post","status-publish","format-standard","hentry","category-sin-categorizar"],"_links":{"self":[{"href":"https:\/\/clusterfamilyoffice.com\/en\/wp-json\/wp\/v2\/posts\/348","targetHints":{"allow":["GET"]}}],"collection":[{"href":"https:\/\/clusterfamilyoffice.com\/en\/wp-json\/wp\/v2\/posts"}],"about":[{"href":"https:\/\/clusterfamilyoffice.com\/en\/wp-json\/wp\/v2\/types\/post"}],"author":[{"embeddable":true,"href":"https:\/\/clusterfamilyoffice.com\/en\/wp-json\/wp\/v2\/users\/6"}],"replies":[{"embeddable":true,"href":"https:\/\/clusterfamilyoffice.com\/en\/wp-json\/wp\/v2\/comments?post=348"}],"version-history":[{"count":0,"href":"https:\/\/clusterfamilyoffice.com\/en\/wp-json\/wp\/v2\/posts\/348\/revisions"}],"wp:attachment":[{"href":"https:\/\/clusterfamilyoffice.com\/en\/wp-json\/wp\/v2\/media?parent=348"}],"wp:term":[{"taxonomy":"category","embeddable":true,"href":"https:\/\/clusterfamilyoffice.com\/en\/wp-json\/wp\/v2\/categories?post=348"},{"taxonomy":"post_tag","embeddable":true,"href":"https:\/\/clusterfamilyoffice.com\/en\/wp-json\/wp\/v2\/tags?post=348"}],"curies":[{"name":"wp","href":"https:\/\/api.w.org\/{rel}","templated":true}]}}