{"id":306,"date":"2009-09-15T00:03:00","date_gmt":"2009-09-15T00:03:00","guid":{"rendered":"https:\/\/clusterfamilyoffice.com\/blog\/?p=306"},"modified":"2009-09-15T00:03:00","modified_gmt":"2009-09-15T00:03:00","slug":"cafe-irlandes-y-carajillo","status":"publish","type":"post","link":"https:\/\/clusterfamilyoffice.com\/en\/cafe-irlandes-y-carajillo\/","title":{"rendered":"Caf\u00e9 Irland\u00e9s y Carajillo."},"content":{"rendered":"<div style=\"text-align: justify;\"><a onblur=\"try {parent.deselectBloggerImageGracefully();} catch(e) {}\" href=\"http:\/\/www.rankia.com\/blog\/familyoffice\/uploaded_images\/20041229193827-754438.jpg\" target=\"_blank\" rel=\"noopener\"><img decoding=\"async\" style=\"margin: 0pt 10px 10px 0pt; float: left; cursor: pointer; width: 300px; height: 400px;\" src=\"http:\/\/www.rankia.com\/blog\/familyoffice\/uploaded_images\/20041229193827-754428.jpg\" alt=\"\" border=\"0\" \/><\/a>El que en su d\u00eda fue el <a href=\"http:\/\/es.wikipedia.org\/wiki\/Tigre_Celta\" target=\"_blank\" rel=\"noopener\">Tigre Celta<\/a>, hoy no es m\u00e1s que un flaco minino, pulgoso y callejero. El aumento de impuestos que hipotecan (y nunca mejor dicho) el crecimeinto futuro, van a perpetuar en el tiempo su aspecto zarrapastroso. En lo que va de a\u00f1o, hasta el pasado 31 de Agosto, el d\u00e9ficit p\u00fablico irland\u00e9s fue de 18.700 millones de \u20ac, <span style=\"font-weight: bold;\">cifra que en s\u00f3lo ocho meses  casi cuadruplica el 3% del PIB anual permitido por la UE<\/span>. M\u00e1s del doble que en el mismo periodo del pasado a\u00f1o, que fue de 8.400 millones de \u20ac, seg\u00fan ha publicado recientemente el<a href=\"http:\/\/www.belfasttelegraph.co.uk\/breaking-news\/ireland\/exchequer-figures-show-budget-deficit-of-euro187-billion-14477504.html\" target=\"_blank\" rel=\"noopener\"> Belfast Telegraph<\/a>.<\/p>\n<p>Los indicadores irlandeses son una prueba de fuego para la solidez de la UE, y un verdadero torpedo a la linea de flotaci\u00f3n de la uni\u00f3n monetaria. Pero son mucho m\u00e1s destructivas las cifras de Espa\u00f1a ya que, aunque sean algo mejores (o vayan con retraso), el peso espec\u00edfico de la econom\u00eda espa\u00f1ola en la UE es mucho mayor. Irlanda es un peque\u00f1o pa\u00eds que, de ser el \u00fanico caso que tensionara las directrices del rigor econ\u00f3mico exigido por la UE, podr\u00eda tratarse como una excepci\u00f3n, como una peque\u00f1a isla cuya econom\u00eda comparte incluso los bolsillos de sus habitantes con la libra esterlina, en su frontera con los vecinos del norte. Pero no est\u00e1 sola. Las cifras de Irlanda, insostenibles en un entorno \u20ac con motores como Alemania o Francia, son la senda hacia el cementerio que sigue <a style=\"font-weight: bold;\" href=\"http:\/\/www.rankia.com\/blog\/familyoffice\/2009\/06\/no-me-pises-que-llevo-chanclas.html\" target=\"_blank\" rel=\"noopener\">el elefante espa\u00f1ol<\/a>. Y a pesar de que el <span id=\"noteContainer\">primer ministro irland\u00e9s Brian Cowen dijo all\u00e1 por el mes de marzo que \u00ab<span style=\"font-style: italic;\">&#8230;compartir el euro nos fortalece mucho en un momento en que hay inmensas fuerzas en acci\u00f3n<\/span>\u00ab, la realidad es que las econom\u00edas de Irlanda y Espa\u00f1a van a ser, est\u00e1n siendo ya, un <a style=\"font-weight: bold;\" href=\"http:\/\/www.rankia.com\/blog\/familyoffice\/2009\/05\/la-prueba-del-algodon-o-stress-test.html\" target=\"_blank\" rel=\"noopener\">tremendo stress-test<\/a> para la uni\u00f3n monetaria europea. Todos los pa\u00edses que han dispuesto de pol\u00edtica monetaria propia, <span style=\"font-weight: bold;\">han hecho un uso intensivo de ella<\/span> en estos tiempos de econom\u00eda convulsa. Incluso las econom\u00edas l\u00edderes, a excepci\u00f3n <a style=\"font-weight: bold;\" href=\"http:\/\/www.rankia.com\/blog\/familyoffice\/2009\/05\/euroescepticismo-economico.html\" target=\"_blank\" rel=\"noopener\">del pardillo de siempre<\/a>.<\/span> Los pol\u00edticos, como siempre, erran (sic) sistem\u00e1ticamente todas sus previsiones macroecon\u00f3micas, <span style=\"font-weight: bold;\">proclaman las ventajas y bondades del \u20ac en plena quiebra estatal, y anuncian brotes verdes que esperan que tengan propiedades opi\u00e1ceas para sus cada d\u00eda m\u00e1s fam\u00e9licos votantes.<\/span> Porque la uni\u00f3n monetaria de la UE es pol\u00edticamente correcta, y hoy es todav\u00eda un sacrilegio hablar de un euro a dos velocidades de modo oficial (una cobard\u00eda nauseabunda). La mayor\u00eda de espa\u00f1oles de a pie creen que la moneda \u00fanica les est\u00e1 salvando de <span style=\"font-style: italic;\">quiensabequ\u00e9<\/span>, en un perfecto <span style=\"font-weight: bold;\">S\u00edndrome de Estocolmo del \u20ac<\/span>. Y lo cierto es que nada m\u00e1s lejos cuando las econom\u00edas, especialmente las m\u00e1s d\u00e9biles, sufren.<\/p>\n<p><a onblur=\"try {parent.deselectBloggerImageGracefully();} catch(e) {}\" href=\"http:\/\/www.rankia.com\/blog\/familyoffice\/uploaded_images\/f_mafalda33m_38f9a69-723329.jpg\" target=\"_blank\" rel=\"noopener\"><img decoding=\"async\" style=\"margin: 0pt 0pt 10px 10px; float: right; cursor: pointer; width: 302px; height: 320px;\" src=\"http:\/\/www.rankia.com\/blog\/familyoffice\/uploaded_images\/f_mafalda33m_38f9a69-723327.jpg\" alt=\"\" border=\"0\" \/><\/a>Mientras las manos sigan atadas en una <a href=\"http:\/\/www.rankia.com\/blog\/familyoffice\/2009\/07\/schwarzenegger-y-zapatero-o-la-formula.html\" target=\"_blank\" rel=\"noopener\"><span style=\"font-weight: bold;\">Espa\u00f1a en quiebra t\u00e9cnica<\/span><\/a>, su econom\u00eda seguir\u00e1 en <a href=\"http:\/\/epp.eurostat.ec.europa.eu\/tgm\/graphToolClosed.do?tab=graph&amp;init=1&amp;plugin=1&amp;language=en&amp;pcode=tsieb020&amp;r=true&amp;toolbox=legend\" target=\"_blank\" rel=\"noopener\">ca\u00edda libre<\/a>. El \u00faltimo dato de la Seguridad Social clama que apenas 18 millones de afiliados deben sustentar el Sistema, <span style=\"font-weight: bold;\">y bajando<\/span>. Mientras tanto, <a href=\"http:\/\/epp.eurostat.ec.europa.eu\/tgm\/table.do?tab=table&amp;init=1&amp;plugin=1&amp;language=en&amp;pcode=teilm020\" target=\"_blank\" rel=\"noopener\">el paro sigue<\/a> descarada y dram\u00e1ticamente muy por encima del resto de la UE, <span style=\"font-weight: bold;\">y subiendo<\/span>. Pero lo m\u00e1s grave es que a partir del primer trimestre 2010 vendr\u00e1 lo peor: Los 400.000 empleos que el Plan E se sac\u00f3 del sombrero volver\u00e1n a destruirse masivamente el primero de Enero, las extensiones extraordinarias de algunos subsidios se agotar\u00e1n, y la destrucci\u00f3n del tejido empresarial y los constantes EREs <span style=\"font-weight: bold;\">arrastran a la sociedad a la dependencia de un Estado en bancarota.<\/span> El deterioro est\u00e1 a punto de ser tan tremendo que el gobierno todav\u00eda no se atreve reducir el <span style=\"font-style: italic;\">panparahoy<\/span> in\u00fatil de la subvenci\u00f3n directa a la sociedad en apuros, aunque <a style=\"font-weight: bold;\" href=\"http:\/\/www.rankia.com\/blog\/familyoffice\/2009\/07\/schwarzenegger-y-zapatero-o-la-formula.html\" target=\"_blank\" rel=\"noopener\"> la cuenta atr\u00e1s es corta<\/a>. <span style=\"font-weight: bold;\">Un gasto est\u00e9ril de un dinero que no tiene, y lo que es mucho m\u00e1s grave, ni siquiera puede crear<\/span>. Es decir que, o al Estado espa\u00f1ol se le da la capacidad para hu\u00edr hacia delante, o en Espa\u00f1a vamos a vivir unos a\u00f1os terribles. Y para que, en el mejor de los escenarios, consigamos hu\u00edr hacia delante necesitamos devaluar nuestra deudas para poder respirar, y nuestros costes para hacerlos m\u00e1s atractivos ante el resto del mundo. Conseguirlo <a style=\"font-weight: bold;\" href=\"http:\/\/www.rankia.com\/blog\/familyoffice\/2009\/05\/crecimiento-y-deuda.html\" target=\"_blank\" rel=\"noopener\">creciendo e inflacionando lo suficiente<\/a> es el \u00fanico largo camino hacia la salida del tunel.<\/p>\n<p>Salir del pozo sin hacer uso de la pol\u00edtica monetaria, es una traves\u00eda del desierto que s\u00f3lo los m\u00e1s fuertes pueden pretender (y ni siquiera ellos lo hacen). Los d\u00e9biles como Espa\u00f1a, Irlanda y dem\u00e1s PIIGS se deben centrar en devaluar sus pasivos y sus costes de producci\u00f3n. Y eso puede hacerse mediante una pol\u00edtica monetaria adecuada, pero resulta imposible si no se dispone de la libertad para incrementar el <a href=\"http:\/\/freshfamilyoffice.blogspot.com\/search?q=M1&amp;x=0&amp;y=0\" target=\"_blank\" rel=\"noopener\">conglomerado M1<\/a> y a la vez devaluar la propia divisa (hace casi un a\u00f1o que ya dijimos: <span style=\"font-style: italic;\">\u00ab<a href=\"http:\/\/www.rankia.com\/blog\/familyoffice\/2008\/12\/cunto-vale-el-riesgo.html\" target=\"_blank\" rel=\"noopener\">&#8230;no debemos sufrir porque el Riesgo que est\u00e1n comprando los Estados se transforme en perjuicio monetario que quiebre pa\u00edses con capacidad de manipular conglomerados&#8230;<\/a>\u00ab<\/span>). S\u00f3lo as\u00ed se conseguir\u00eda un crecimiento que tirase, con los a\u00f1os, de nosotros hacia la superficie y una inflaci\u00f3n que se comiera la inasumible deuda de la que nos hemos rodeado con gula. Si los spreads de la deuda soberana hispano-irlandesa y franco-alemana se tensionan m\u00e1s all\u00e1 de lo que la uni\u00f3n monetaria puede soportar, ser\u00e1 la se\u00f1al de una inminente liberaci\u00f3n de la pol\u00edtica monetaria que tanto necesitamos.<\/p>\n<p><a onblur=\"try {parent.deselectBloggerImageGracefully();} catch(e) {}\" href=\"http:\/\/www.rankia.com\/blog\/familyoffice\/uploaded_images\/2261426930082721655MaSHRM_fs-756698.jpg\" target=\"_blank\" rel=\"noopener\"><img decoding=\"async\" style=\"margin: 0px auto 10px; display: block; text-align: center; cursor: pointer; width: 528px; height: 396px;\" src=\"http:\/\/www.rankia.com\/blog\/familyoffice\/uploaded_images\/2261426930082721655MaSHRM_fs-756402.jpg\" alt=\"\" border=\"0\" \/><\/a>Necesitamos muchas restricciones, sacrificio y bidones repletos de agua clara para intentar atravesar el desierto tras los pasos de los pa\u00edses ricos. Pero de la \u00faltima celebraci\u00f3n apenas nos queda una cantimplora con un cul\u00edn de caf\u00e9 irland\u00e9s y otra con dos dedos de carajillo. Ah, y un resac\u00f3n de narices. Aqu\u00ed empieza el desierto.<\/div>","protected":false},"excerpt":{"rendered":"<p>El que en su d\u00eda fue el Tigre Celta, hoy no es m\u00e1s que un flaco minino, pulgoso y callejero. El aumento de impuestos que hipotecan (y nunca mejor dicho) el crecimeinto futuro, van a perpetuar en el tiempo su aspecto zarrapastroso. En lo que va de a\u00f1o, hasta el pasado 31 de Agosto, el [&hellip;]<\/p>\n","protected":false},"author":6,"featured_media":0,"comment_status":"open","ping_status":"open","sticky":false,"template":"","format":"standard","meta":{"footnotes":""},"categories":[20],"tags":[],"class_list":["post-306","post","type-post","status-publish","format-standard","hentry","category-sin-categorizar"],"_links":{"self":[{"href":"https:\/\/clusterfamilyoffice.com\/en\/wp-json\/wp\/v2\/posts\/306","targetHints":{"allow":["GET"]}}],"collection":[{"href":"https:\/\/clusterfamilyoffice.com\/en\/wp-json\/wp\/v2\/posts"}],"about":[{"href":"https:\/\/clusterfamilyoffice.com\/en\/wp-json\/wp\/v2\/types\/post"}],"author":[{"embeddable":true,"href":"https:\/\/clusterfamilyoffice.com\/en\/wp-json\/wp\/v2\/users\/6"}],"replies":[{"embeddable":true,"href":"https:\/\/clusterfamilyoffice.com\/en\/wp-json\/wp\/v2\/comments?post=306"}],"version-history":[{"count":0,"href":"https:\/\/clusterfamilyoffice.com\/en\/wp-json\/wp\/v2\/posts\/306\/revisions"}],"wp:attachment":[{"href":"https:\/\/clusterfamilyoffice.com\/en\/wp-json\/wp\/v2\/media?parent=306"}],"wp:term":[{"taxonomy":"category","embeddable":true,"href":"https:\/\/clusterfamilyoffice.com\/en\/wp-json\/wp\/v2\/categories?post=306"},{"taxonomy":"post_tag","embeddable":true,"href":"https:\/\/clusterfamilyoffice.com\/en\/wp-json\/wp\/v2\/tags?post=306"}],"curies":[{"name":"wp","href":"https:\/\/api.w.org\/{rel}","templated":true}]}}