{"id":304,"date":"2009-09-20T17:29:00","date_gmt":"2009-09-20T17:29:00","guid":{"rendered":"https:\/\/clusterfamilyoffice.com\/blog\/?p=304"},"modified":"2009-09-20T17:29:00","modified_gmt":"2009-09-20T17:29:00","slug":"ya-empezamos","status":"publish","type":"post","link":"https:\/\/clusterfamilyoffice.com\/en\/ya-empezamos\/","title":{"rendered":"Ya empezamos&#8230;"},"content":{"rendered":"<div style=\"text-align: justify;\">Todav\u00eda no ha comenzado lo peor. A\u00fan hay dinero para extender los subsidios de desempleo para algunos de los parados. La inercia del Estado del bienestar virtual del que venimos es afortunadamente grande, pero se va a coregir a bofetones. Parece que el futuro pr\u00f3ximo asoma por la puerta y las orejas del lobo son realmente tan peludas como nos tem\u00edamos. El malestar social comienza a hacerse notar en forma de manifestaciones para patalear por despidos y EREs, colapso del consumo, econom\u00eda sumergida y contrataciones callejeras, secuestros expr\u00e9ss, botellones violentos, etc. Y pronto ser\u00e1 evidente un aumento significativo de la violencia y la inseguridad ciudadana.<\/p>\n<p>[youtube=http:\/\/www.youtube.com\/watch?v=oQXd7_Z3O6Q]<\/p>\n<p>A principios de este 2009 escribimos un art\u00edculo titulado <a style=\"font-weight: bold;\" href=\"http:\/\/www.rankia.com\/blog\/familyoffice\/2009\/02\/do-not-disturbios.html\" target=\"_blank\" rel=\"noopener\"><span style=\"font-style: italic;\">Do Not \u00abDisturbios\u00bb<\/span><\/a>, que odio decir que cobra m\u00e1s y m\u00e1s sentido con el paso de los meses. El a\u00f1o 2010 y quiz\u00e1 el 2011 va a ser el brutal bofet\u00f3n de realidad para una generaci\u00f3n que naci\u00f3 y vivi\u00f3 en la abundancia virtual. No conocieron la pobreza m\u00e1s que en la marginalidad y exclusi\u00f3n social minoritaria. Pero cada vez va a haber menos clase media y una mayoritaria clase baja. Una clase baja que nada tendr\u00e1 que ver con la exclusi\u00f3n social ni la marginalidad, sino de caras conocidas, ex-compa\u00f1eros de trabajo y vecindarios enteros de miseria debida.<\/p>\n<p>Mientras la estabilizaci\u00f3n o incluso la recuperaci\u00f3n econ\u00f3mica se empezar\u00e1 a producir en pa\u00edses como los EE.UU., Alemania o Francia a partir del 2010, en Espa\u00f1a se nos acabar\u00e1 el ox\u00edgeno. Y me refiero a <span style=\"font-weight: bold;\">la capacidad estatal<\/span>, ya que los bolsillos particulares de la mayor\u00eda de clase media ya quedaron secos en este 2009. <a style=\"font-weight: bold;\" href=\"http:\/\/www.rankia.com\/blog\/familyoffice\/2009\/07\/schwarzenegger-y-zapatero-o-la-formula.html\" target=\"_blank\" rel=\"noopener\">La f\u00f3rmula del agujero<\/a> espa\u00f1ol es una ecuaci\u00f3n muy simple: Sin un crecimiento elevad\u00edsimo y sostenido el futuro es negro, a no ser que nos den una chistera <a style=\"font-weight: bold;\" href=\"http:\/\/freshfamilyoffice.blogspot.com\/2009\/06\/un-holding-llamado-ue.html\" target=\"_blank\" rel=\"noopener\">de la que asomen un par de orejas<\/a>. Adem\u00e1s somos el paradigma de la improductividad: En el \u00faltimo trimestre perdimos un mill\u00f3n de asalariados, pero en el \u00fatlimo a\u00f1o creamos m\u00e1s de 100.000 funcionarios nuevos. Y ya tenemos 1 funcionario por cada 5 trabajadores como dice GurusBlog en <a style=\"font-weight: bold;\" href=\"http:\/\/www.gurusblog.com\/archives\/espana-ya-tenemos-nuevo-modelo-economico\/08\/09\/2009\/\" target=\"_blank\" rel=\"noopener\">este ilustrativo art\u00edculo<\/a>.<\/p>\n<p><a onblur=\"try {parent.deselectBloggerImageGracefully();} catch(e) {}\" href=\"http:\/\/www.rankia.com\/blog\/familyoffice\/uploaded_images\/funcionarios2-744230.jpg\" target=\"_blank\" rel=\"noopener\"><img decoding=\"async\" style=\"margin: 0px auto 10px; display: block; text-align: center; cursor: pointer; width: 572px; height: 327px;\" src=\"http:\/\/www.rankia.com\/blog\/familyoffice\/uploaded_images\/funcionarios2-744228.jpg\" alt=\"\" border=\"0\" \/><\/a>La productividad es un concepto ajeno a <a style=\"font-weight: bold;\" href=\"http:\/\/www.rankia.com\/blog\/familyoffice\/2009\/01\/solidarnosc.html\" target=\"_blank\" rel=\"noopener\">algunos sindicatos miopes <\/a>que todav\u00eda creen que los males del trabajador son causados por los excesivos beneficios de los empresarios. Esta vez no. Y es que algunos trabajadores y sindicalistas todav\u00eda buscan desesperadamente que el Estado les suministre su <a style=\"font-weight: bold;\" href=\"http:\/\/www.rankia.com\/blog\/familyoffice\/2009\/01\/feliz-2009-rojo-y-prspero-azul.html\" target=\"_blank\" rel=\"noopener\">dosis habitual de p\u00edldora azul<\/a> en este 2009. <span style=\"font-weight: bold;\">Pero en 2010 se habr\u00e1n acabado en Espa\u00f1a y s\u00f3lo tendremos p\u00edldoras rojas. Bienaventurados los que se habituaron antes a ellas, porque de ellos ser\u00e1 el futuro.<\/span><\/p>\n<p>Quiz\u00e1 sea una mera casualidad, pero hace poco recib\u00ed un correo, a modo de spam, con este contenido:<\/p>\n<p>[youtube=http:\/\/www.youtube.com\/watch?v=i3fKGjvGywo]<\/p>\n<\/div>\n","protected":false},"excerpt":{"rendered":"<p>Todav\u00eda no ha comenzado lo peor. A\u00fan hay dinero para extender los subsidios de desempleo para algunos de los parados. La inercia del Estado del bienestar virtual del que venimos es afortunadamente grande, pero se va a coregir a bofetones. Parece que el futuro pr\u00f3ximo asoma por la puerta y las orejas del lobo son [&hellip;]<\/p>\n","protected":false},"author":6,"featured_media":0,"comment_status":"open","ping_status":"open","sticky":false,"template":"","format":"standard","meta":{"footnotes":""},"categories":[20],"tags":[],"class_list":["post-304","post","type-post","status-publish","format-standard","hentry","category-sin-categorizar"],"_links":{"self":[{"href":"https:\/\/clusterfamilyoffice.com\/en\/wp-json\/wp\/v2\/posts\/304","targetHints":{"allow":["GET"]}}],"collection":[{"href":"https:\/\/clusterfamilyoffice.com\/en\/wp-json\/wp\/v2\/posts"}],"about":[{"href":"https:\/\/clusterfamilyoffice.com\/en\/wp-json\/wp\/v2\/types\/post"}],"author":[{"embeddable":true,"href":"https:\/\/clusterfamilyoffice.com\/en\/wp-json\/wp\/v2\/users\/6"}],"replies":[{"embeddable":true,"href":"https:\/\/clusterfamilyoffice.com\/en\/wp-json\/wp\/v2\/comments?post=304"}],"version-history":[{"count":0,"href":"https:\/\/clusterfamilyoffice.com\/en\/wp-json\/wp\/v2\/posts\/304\/revisions"}],"wp:attachment":[{"href":"https:\/\/clusterfamilyoffice.com\/en\/wp-json\/wp\/v2\/media?parent=304"}],"wp:term":[{"taxonomy":"category","embeddable":true,"href":"https:\/\/clusterfamilyoffice.com\/en\/wp-json\/wp\/v2\/categories?post=304"},{"taxonomy":"post_tag","embeddable":true,"href":"https:\/\/clusterfamilyoffice.com\/en\/wp-json\/wp\/v2\/tags?post=304"}],"curies":[{"name":"wp","href":"https:\/\/api.w.org\/{rel}","templated":true}]}}