{"id":301,"date":"2007-06-23T13:28:00","date_gmt":"2007-06-23T13:28:00","guid":{"rendered":"https:\/\/clusterfamilyoffice.com\/blog\/?p=301"},"modified":"2007-06-23T13:28:00","modified_gmt":"2007-06-23T13:28:00","slug":"crisis-what-crisis-2","status":"publish","type":"post","link":"https:\/\/clusterfamilyoffice.com\/en\/crisis-what-crisis-2\/","title":{"rendered":"Crisis? What Crisis?"},"content":{"rendered":"<div style=\"text-align: justify;\"><span style=\"font-style: italic;\">\u201cLa cosa est\u00e1 mu mala\u201d<\/span>. Esta es la consigna que estamos oyendo a diario en todos los rincones, sectores y estatus econ\u00f3micos a excepci\u00f3n de los m\u00e1s altos. Adem\u00e1s, lo que comenz\u00f3 como un murmullo de los m\u00e1s pesimistas y\/o alaramistas, ha ido <span style=\"font-style: italic;\">in crescendo<\/span> hasta convertirse en un grito de guerra en la actualidad. Pronto desgarrador.<\/div>\n<div style=\"text-align: justify;\">Algunos vaticinan una grave crisis de la econom\u00eda que puede desembocar en un colapso financiero. Hay quien habla del futuro <a href=\"http:\/\/es.wikipedia.org\/wiki\/Corralito\" target=\"_blank\" rel=\"noopener\">\u201ccorralito\u201d<\/a> Espa\u00f1ol. Aquellos tiempos cercanos y repetibles en que los argentinos met\u00edan sus ahorros en maletas, maletines y mochilas para cruzar el r\u00edo de la Plata (el charco) en busca de inversiones seguras en su para\u00edso m\u00e1s cercano: Uruguay. Esa crisis del gigante vecino impuls\u00f3 a\u00fan m\u00e1s la ya de por s\u00ed lujosa ciudad costera de Punta del Este, a unos kil\u00f3metros de Montevideo, la Marbella de argentinos y brasile\u00f1os adinerados. El tiempo dir\u00e1, pero sinceramente creo que estamos lejos de ese escenario.<br \/>Antes de que el sistema economico-financiero sufra da\u00f1os estructurales que pongan en peligro la supervivencia del mismo, hay un largo y doloroso camino por recorrer: La sociedad tiene todav\u00eda mucho margen de empobrecimiento. Queremos decir que a\u00fan estamos lejos de tener las cifras de \u201csufrimiento social\u201d de dichos pa\u00edses sudamericanos. Aunque desgraciadamente cada vez menos.<a onblur=\"try {parent.deselectBloggerImageGracefully();} catch(e) {}\" href=\"http:\/\/cocosuodo.magicrpm.com\/images\/mn\/1150135134.JPG\" target=\"_blank\" rel=\"noopener\"><img decoding=\"async\" style=\"margin: 0px auto 10px; display: block; text-align: center; cursor: pointer; width: 400px;\" src=\"http:\/\/cocosuodo.magicrpm.com\/images\/mn\/1150135134.JPG\" alt=\"\" border=\"0\" \/><\/a><br \/>Todav\u00eda conservamos en nuestras retinas la alegr\u00eda econ\u00f3mica habida hasta hace muy poco: Vacaciones, inversi\u00f3n, consumo en general y optimismo. Se acu\u00f1\u00f3 el t\u00e9rmino <span style=\"font-weight: bold;\">mileurista<\/span> como el paradigma del \u00faltimo eslab\u00f3n de nuestro sistema financiero. Por debajo de \u00e9ste, la pobreza marginal y minoritaria, aunque no por ello aceptable. Pero en los \u00faltimos tiempos, meses dir\u00eda yo, la realidad est\u00e1 empeorando vertiginosamente. El pesimismo ha sustituido la alegr\u00eda, el escaso consumo que se mantiene es m\u00e1s compulsivo que racional. La incitaci\u00f3n al consumo por parte de la banca y la reunificaci\u00f3n de cr\u00e9ditos en los tiempos que corren, todav\u00eda me resulta m\u00e1s vomitiva. Los <span style=\"font-weight: bold;\">mileuristas<\/span> comienzan a ser envidiados por m\u00e1s de uno. Hace tan s\u00f3lo unos pocos meses todav\u00eda se discut\u00eda si exist\u00eda o no una crisis inmobiliaria, o si simplemente se trataba de una <span style=\"font-style: italic;\">desaceleraci\u00f3n<\/span> en el crecimiento del sector. Hoy es <span style=\"font-style: italic;\">vox pupuli<\/span> y ma\u00f1ana quiz\u00e1s historia. Algo est\u00e1 cambiando para la mayor\u00eda, y adem\u00e1s r\u00e1pidamente.<br \/><a href=\"http:\/\/www.rankia.com\/blog\/fernan2\/2007\/06\/el-efecto-anclaje-y-el-subconsciente.html\" target=\"_blank\" rel=\"noopener\">El efecto anclaje<\/a> que aplica l\u00facidamente <a href=\"http:\/\/www.rankia.com\/blog\/fernan2\" target=\"_blank\" rel=\"noopener\">Fernan2<\/a> a los mercados y a los inmuebles en su post, tambi\u00e9n nos traiciona psicol\u00f3gicamente a la hora de analizar la situaci\u00f3n actual y sobre todo la evoluci\u00f3n de la econom\u00eda de nuestra sociedad. El anclaje psicol\u00f3gico en el bienestar de los \u00faltimos tiempos nos distorsiona la realidad. Pero en general la situaci\u00f3n financiera de la mayor\u00eda de la poblaci\u00f3n empeora d\u00eda tras d\u00eda.<br \/>Los que analizan la situaci\u00f3n con cierto criterio y hablan de <span style=\"font-style: italic;\">corralitos<\/span>, adjudican as\u00ed las dificultades al Sistema Financiero. Seg\u00fan \u00e9stos, la econom\u00eda puede sufrir gravemente los excesos de la burbuja inmobiliaria, los bancos ser desbordados y el Estado incapaz. No, se\u00f1ores, los primeros de la lista y los m\u00e1s susceptibles a sufrir en este escenario son los ciudadanos medios. O sea la mayor\u00eda. Quiz\u00e1s su anclaje en el Estado del bienestar anterior les traiciona pero antes de que el Sistema Financiero se tambalee, la econom\u00eda personal del ciudadano de a pie se deteriorar\u00e1 hasta donde sea necesario.<br \/>Afortunadamente todav\u00eda hay mucho margen hasta que nuestra sociedad se equipare al malestar existente en Sudam\u00e9rica. Aqu\u00ed todav\u00eda los ricos pueden circular por las calles con Mercedes y BMW, incluso con Porsches y Ferraris. En Brasil ning\u00fan millonario se atreve a dejarse ver con algo m\u00e1s ostentoso que un Passat, se pueden adivinar muchos coches medios con ch\u00f3fer y el asiento del acompa\u00f1ante ocupado. Los secuestros express todav\u00eda son incipientes en Espa\u00f1a, y las viviendas unifamiliares a\u00fan est\u00e1n habitadas sin  tener que pertenecer a condominios vallados, con barreras de acceso y guardias de seguridad armados en sus casetas al m\u00e1s oscuro estilo <a href=\"http:\/\/en.wikipedia.org\/wiki\/Checkpoint_Charlie\" target=\"_blank\" rel=\"noopener\">Check Point Charlie<\/a>, como ocurre en casi todo el hemisferio sur.<br \/>Es cierto que empezamos a o\u00edr hablar de dichos secuestros express en nuestra sociedad, que los robos con y sin violencia en viviendas unifamiliares son ya habituales y que la delincuencia en general va en aumento. Pero \u00e9stos no son problemas de orden p\u00fablico causados por la relajaci\u00f3n de las fuerzas de seguridad, sino por el incremento de la <span style=\"font-weight: bold;\">necesidad<\/span> de ciertos sectores de la poblaci\u00f3n. La inmigraci\u00f3n tampoco ayuda en este sentido, y el Estado del malestar del que huyeron, cada vez parece estar menos lejos de nuestro Estado del bienestar ya a\u00f1orado.<br \/>Pero \u201ctranquilos\u201d, la sangre de <span style=\"font-weight: bold;\">todos<\/span> no llegar\u00e1 al r\u00edo. Nuestro sistema financiero no corre peligro de muerte mientras quede margen para una mayor <span style=\"font-weight: bold;\">miseria social<\/span>. Lamentablemente as\u00ed son las reglas del juego. Pero el <a href=\"http:\/\/www.rankia.com\/blog\/fernan2\/2007\/06\/el-efecto-anclaje-y-el-subconsciente.html\" target=\"_blank\" rel=\"noopener\">efecto anclaje<\/a> en los buenos tiempos nos ayuda a mirar hacia otro lado. Como dijo <a href=\"http:\/\/www.supertramp.com\/albums.html\" target=\"_blank\" rel=\"noopener\">Supertramp<\/a> en 1975: Crisis? What Crisis?<\/div>","protected":false},"excerpt":{"rendered":"<p>\u201cLa cosa est\u00e1 mu mala\u201d. Esta es la consigna que estamos oyendo a diario en todos los rincones, sectores y estatus econ\u00f3micos a excepci\u00f3n de los m\u00e1s altos. Adem\u00e1s, lo que comenz\u00f3 como un murmullo de los m\u00e1s pesimistas y\/o alaramistas, ha ido in crescendo hasta convertirse en un grito de guerra en la actualidad. [&hellip;]<\/p>\n","protected":false},"author":6,"featured_media":0,"comment_status":"open","ping_status":"open","sticky":false,"template":"","format":"standard","meta":{"footnotes":""},"categories":[20],"tags":[],"class_list":["post-301","post","type-post","status-publish","format-standard","hentry","category-sin-categorizar"],"_links":{"self":[{"href":"https:\/\/clusterfamilyoffice.com\/en\/wp-json\/wp\/v2\/posts\/301","targetHints":{"allow":["GET"]}}],"collection":[{"href":"https:\/\/clusterfamilyoffice.com\/en\/wp-json\/wp\/v2\/posts"}],"about":[{"href":"https:\/\/clusterfamilyoffice.com\/en\/wp-json\/wp\/v2\/types\/post"}],"author":[{"embeddable":true,"href":"https:\/\/clusterfamilyoffice.com\/en\/wp-json\/wp\/v2\/users\/6"}],"replies":[{"embeddable":true,"href":"https:\/\/clusterfamilyoffice.com\/en\/wp-json\/wp\/v2\/comments?post=301"}],"version-history":[{"count":0,"href":"https:\/\/clusterfamilyoffice.com\/en\/wp-json\/wp\/v2\/posts\/301\/revisions"}],"wp:attachment":[{"href":"https:\/\/clusterfamilyoffice.com\/en\/wp-json\/wp\/v2\/media?parent=301"}],"wp:term":[{"taxonomy":"category","embeddable":true,"href":"https:\/\/clusterfamilyoffice.com\/en\/wp-json\/wp\/v2\/categories?post=301"},{"taxonomy":"post_tag","embeddable":true,"href":"https:\/\/clusterfamilyoffice.com\/en\/wp-json\/wp\/v2\/tags?post=301"}],"curies":[{"name":"wp","href":"https:\/\/api.w.org\/{rel}","templated":true}]}}