{"id":2465,"date":"2013-03-11T12:27:55","date_gmt":"2013-03-11T10:27:55","guid":{"rendered":"https:\/\/clusterfamilyoffice.com\/blog\/?p=2465"},"modified":"2013-03-11T12:27:55","modified_gmt":"2013-03-11T10:27:55","slug":"seremos-el-mercado-aleman-de-los-anos-20","status":"publish","type":"post","link":"https:\/\/clusterfamilyoffice.com\/en\/seremos-el-mercado-aleman-de-los-anos-20\/","title":{"rendered":"Seremos el mercado alem\u00e1n de los a\u00f1os 20"},"content":{"rendered":"<p style=\"text-align: justify;\"><img fetchpriority=\"high\" decoding=\"async\" class=\"alignleft\" src=\"http:\/\/thumbs.dreamstime.com\/thumblarge_549\/12876273892cn0e1.jpg\" alt=\"\" width=\"240\" height=\"240\" \/>La mayor\u00eda de empresarios, empleados, parados e incluso funcionarios de este pa\u00eds se preguntan hasta cu\u00e1ndo va a durar esta crisis, esta agon\u00eda para el Estado del Bienestar que azota a las econom\u00edas dom\u00e9sticas y empresariales de forma aguda y persistente. Pero me temo que la respuesta no coincide con las esperanzas de la poblaci\u00f3n espa\u00f1ol.<!--more--><\/p>\n<p style=\"text-align: justify;\">Y es que ante un escenario como el actual y un horizonte tan negro, que la poblaci\u00f3n en general tome conciencia del desierto que le queda por cruzar, posiblemente resulte de poca ayuda. \u00bfDe qu\u00e9 servir\u00eda que millones de personas se conciencien de que su futuro ser\u00e1 a\u00fan peor que su presente durante muchos a\u00f1os? Qu\u00e9 utilidad tiene que los jubilados sepan con antelaci\u00f3n que sus hijos van a tener que delinquir para alimentar a sus nietos, que el \u00fanico puesto de trabajo que a\u00fan mantiene una familia va a desaparecer, que las condiciones de vida de las familias hoy austeras se convertir\u00e1n pr\u00f3ximamente en miserables y marginales, o que el empresario no va a poder seguir aguantando las p\u00e9rdidas, y que la ruina de la compa\u00f1\u00eda se llevar\u00e1 por delante el bienestar futuro de su familia, anta\u00f1o acomodada.<\/p>\n<p style=\"text-align: justify;\">No sirve de nada que nuestra clase media o media-alta tome conciencia de que su estatus morir\u00e1 de sed e inanici\u00f3n en el desierto que tenemos ante nosotros. Tan s\u00f3lo producir\u00eda una aceleraci\u00f3n del proceso y un deterioro social a\u00fan mayor. Quiz\u00e1 podr\u00edamos compararlo con el h\u00e1ndicap que nos supondr\u00eda conocer detalles de desgracias futuras, por ejemplo saber cu\u00e1ndo vamos a morir, o a qu\u00e9 edad sufriremos c\u00e1ncer o un accidente. A veces de poco sirve conocer la desdicha futura, si va a ser inevitable. Podemos sacar provecho de saber que el futuro es incierto e incluso que el futuro ser\u00e1 favorable, pero no siempre nos ayudar\u00e1 saber que nos espera la tragedia. Mantener la esperanza nos ayuda, eso lo saben bien los religiosos, incluso cuando no hay motivos objetivos para el optimismo, y dicha esperanza es fruto de la mera ignorancia.<\/p>\n<p style=\"text-align: justify;\">Nuestro Estado del Bienestar vive en la permanente esperanza de la recuperaci\u00f3n desde hace ya varios a\u00f1os. Desde los esperp\u00e9nticos\u00a0<em>brotes verdes<\/em> hasta las previsiones macroecon\u00f3micas tozuda y sistem\u00e1ticamente err\u00f3neas. Pero ello no significa que estemos cerca de ninguna mejor\u00eda. Los planes de quienes pueden decidir cu\u00e1ndo se debe producir esta reactivaci\u00f3n econ\u00f3mica en la periferia de la Eurozona son otros. Y es que son el BCE y Alemania (con el permiso del resto de econom\u00edas influyentes del planeta, como China, EE.UU. etc.) quienes decidir\u00e1n cu\u00e1ndo pa\u00edses como el nuestro han purgado sus excesos lo suficiente. Cu\u00e1ndo nuestro endeudamiento se ha desapalancado lo suficiente, nuestros sueldos se han bajado hasta niveles competitivos, nuestros presupuestos p\u00fablicos se han encogido y equilibrado bastante, nuestros bancos se sostienen por s\u00ed s\u00f3los, o\u00a0<a href=\"https:\/\/clusterfamilyoffice.com\/en\/blog\/?p=415\"><strong>nuestros inmuebles han ca\u00eddo<\/strong><\/a> hasta precios asequibles para los depauperados bolsillos de nuestra sociedad. Y para todo ello, obviamente,\u00a0<a href=\"https:\/\/clusterfamilyoffice.com\/en\/blog\/?p=1760\"><strong>a\u00fan faltan muchos a\u00f1os de traves\u00eda del desierto<\/strong><\/a>.<\/p>\n<p style=\"text-align: justify;\">La receta del Vicepresidente Econ\u00f3mico de la UE, Olli Rehn, es di\u00e1fana: \u201c<strong><em>El est\u00edmulo fiscal para Espa\u00f1a no es la respuesta<\/em><\/strong>\u201c. Rehn advierti\u00f3 la pasada semana, en\u00a0<a href=\"http:\/\/europa.eu\/rapid\/press-release_SPEECH-13-207_en.htm?locale=en\" target=\"_blank\" rel=\"noopener\">un discurso<\/a> pronunciado en Varsovia, que\u00a0<strong>los pa\u00edses perif\u00e9ricos con elevado endeudamiento no pueden permitirse el lujo de tomar medidas contrac\u00edclicas<\/strong>. Las prioridades para estos pa\u00edses son a\u00fan la estabilizaci\u00f3n de los balances de sus bancos (en referencia espec\u00edfica a Espa\u00f1a)\u00a0<strong>y evitar que la presi\u00f3n de los Mercados se haga insoportable (letal)<\/strong>.<\/p>\n<p style=\"text-align: justify;\">Para que los Mercados sigan d\u00e1ndonos vida,\u00a0<strong>el fuego que hay que tratar de sofocar con prioridad absoluta es el del d\u00e9ficit p\u00fablico<\/strong>. \u00bfPor qu\u00e9 es \u00e9ste el fuego prioritario que debemos apagar? Pues muy f\u00e1cil, porque nadie en Europa est\u00e1 dispuesto a rescatar ni a Espa\u00f1a ni a Italia. Y hoy por hoy el \u00fanico que nos mantiene vivos, aunque a un s\u00f3lo paso del precipicio o default, es<strong> Mr. Market<\/strong>, a quien le importa much\u00edsimo si las cuentas del pa\u00eds cuadran o no, como no podr\u00eda ser de otro modo. Por tanto, la receta europea para la periferia es seguir encogiendo el gasto p\u00fablico y aumentando la presi\u00f3n fiscal, para que el d\u00e9ficit no espante a nuestro \u00fanico salvador.<\/p>\n<p style=\"text-align: justify;\">La traducci\u00f3n de todo esto viene a ser que el enfermo est\u00e1 tan, tan, tan grave, que lo que hay que hacer por el momento es evitar que se muera por un paro cardiorespiratorio o por un fallo multiorg\u00e1nico. Y m\u00e1s adelante, cuando el riesgo de muerte inminente -default, ruptura de la Eurozona o rescate masivo perif\u00e9rico(?)- se haya reducido, ya le trataremos sus enfermedades por orden de gravedad. Rehn lo dice bien claro, no estamos en condiciones de permitirnos reducir impuestos para reactivar nuestra econom\u00eda, ni de tomar ninguna otra medida contrac\u00edclica, sencillamente porque estamos casi desahuciados y no tenemos tiempo. Nos estamos muriendo y, un<strong>sorprendentemente a\u00fan confiado Mr. Market repleto de inversores institucionales desorientados por el New Normal<\/strong>, no nos va a medicar ni a intubar, porque su funci\u00f3n es precisamente la contraria. No olvidemos que los carro\u00f1eros son una parte esencial e higi\u00e9nica de la cadena de la vida, y tambi\u00e9n de la Econom\u00eda, porque reciclan los deshechos de los d\u00e9biles y enfermos que quedan en el camino, para la reutilizaci\u00f3n de los recursos. Cruel, s\u00ed, pero salubre. Por tanto,\u00a0<strong>o cuadramos nuestras cuentas a la desesperada o Mr. Market nos desahuciar\u00e1 y la Eurozona estallar\u00e1 en pedazos.<\/strong><\/p>\n<p style=\"text-align: justify;\">Probablemente Alemania y la Troika conf\u00eden en que la sociedad perif\u00e9rica, en esta generaci\u00f3n educada en el bienestar, soporte las penurias del desierto con disturbios moderados. Al fin y al cabo estamos hablando de espa\u00f1oles e italianos b\u00e1sicamente (Portugal y Grecia pesan mucho menos), con un nivel de formaci\u00f3n y tejido social much\u00edsimo m\u00e1s resistente que el existente por ejemplo en latinoam\u00e9rica o en \u00c1frica. Y eso es lo que nos va a hacer, nos est\u00e1 ya haciendo, admirablemente resilientes y dignos ante un empobrecimiento brutal, que generar\u00eda mucha m\u00e1s violencia callejera y delincuencia generalizada en cualquier sociedad a medio alfabetizar. Probablemente por eso la Europa del Norte conf\u00eda en que nuestra sociedad educada y ex-rica del sur aguante el chaparr\u00f3n, sin generar primaveras perif\u00e9ricas que desahuciar\u00edan el proyecto europeo de un plumazo. Como\u00a0<a href=\"https:\/\/clusterfamilyoffice.com\/en\/blog\/?p=405\"><strong>ya advertimos hace 4 a\u00f1os<\/strong><\/a>, el tejido social no podr\u00e1 sobrevivir mucho m\u00e1s tiempo a este desierto sin graves disturbios, porque a\u00fan no se intuye su final, y\u00a0<strong>estamos paliando temporalmente la zozobra s\u00f3lo a base de esperanza e inercias del extinto Estado del Bienestar.<\/strong><\/p>\n<p style=\"text-align: justify;\">Este parece ser el plan, si se le puede llamar as\u00ed, trazado por el coraz\u00f3n centroeuropeo y sus econom\u00edas dominantes. Y si conseguimos sobrevivir a este desierto en el que nos abandona Alemania, el futuro podr\u00e1 volver a ser de una Europa tal y como la conocemos. Pero ojo, estamos hablando de que la periferia vuelva a crecer con fuerza dentro de una generaci\u00f3n, porque la actual se va a perder, est\u00e1 ya perdida aunque no seamos conscientes de ello. Y para volver a emerger tardaremos quiz\u00e1 dos d\u00e9cadas desde que la deuda colaps\u00f3 nuestra econom\u00eda, ya hace m\u00e1s de un lustro. Los espa\u00f1oles estamos pasando de ser nuevos ricos a ser los pobres de siempre, purgando y sufriendo hasta que llegue nuestra segunda oportunidad. Y Alemania esperar\u00e1 paciente y atenta a nuestro deterioro, porque ese mercado creciente de 250 millones de consumidores de clase media que necesita su econom\u00eda est\u00e1 hoy en barbecho, pagando sus excesos y preperando el que va a ser de nuevo el gran mercado para Alemania en los a\u00f1os 20, pero esta vez del s. XXI.<\/p>\n<p style=\"text-align: justify;\">El Norte y su fortaleza econ\u00f3mica escribe el gui\u00f3n, y el depauperado Sur lo suscribe y lo sufre aplicadamente desde la ignorancia. As\u00ed se est\u00e1 escribiendo la Historia de Europa. Las guerras de anta\u00f1o parece que afortunadamente dejan paso a batallas financieras, de competitividad y de flujos econ\u00f3micos. Y para seguir formando parte de la Eurozona, a los latinos nos toca perder a\u00fan muchas batallas durante a\u00f1os. La periferia de la Eurozona ser\u00e1 perdedora, o no ser\u00e1. Y es que de otro modo quiz\u00e1 pudi\u00e9ramos ser due\u00f1os de nuestro propio destino, pero no en la Eurozona conocida. Aviso a navegantes e inversores para los pr\u00f3ximos lustros.<\/p>","protected":false},"excerpt":{"rendered":"<p>La mayor\u00eda de empresarios, empleados, parados e incluso funcionarios de este pa\u00eds se preguntan hasta cu\u00e1ndo va a durar esta crisis, esta agon\u00eda para el Estado del Bienestar que azota a las econom\u00edas dom\u00e9sticas y empresariales de forma aguda y persistente. Pero me temo que la respuesta no coincide con las esperanzas de la poblaci\u00f3n [&hellip;]<\/p>\n","protected":false},"author":6,"featured_media":0,"comment_status":"open","ping_status":"closed","sticky":false,"template":"","format":"standard","meta":{"footnotes":""},"categories":[38,45,37],"tags":[],"class_list":["post-2465","post","type-post","status-publish","format-standard","hentry","category-actualidad","category-asesoramiento-deportistas-artistas","category-reflexion"],"_links":{"self":[{"href":"https:\/\/clusterfamilyoffice.com\/en\/wp-json\/wp\/v2\/posts\/2465","targetHints":{"allow":["GET"]}}],"collection":[{"href":"https:\/\/clusterfamilyoffice.com\/en\/wp-json\/wp\/v2\/posts"}],"about":[{"href":"https:\/\/clusterfamilyoffice.com\/en\/wp-json\/wp\/v2\/types\/post"}],"author":[{"embeddable":true,"href":"https:\/\/clusterfamilyoffice.com\/en\/wp-json\/wp\/v2\/users\/6"}],"replies":[{"embeddable":true,"href":"https:\/\/clusterfamilyoffice.com\/en\/wp-json\/wp\/v2\/comments?post=2465"}],"version-history":[{"count":0,"href":"https:\/\/clusterfamilyoffice.com\/en\/wp-json\/wp\/v2\/posts\/2465\/revisions"}],"wp:attachment":[{"href":"https:\/\/clusterfamilyoffice.com\/en\/wp-json\/wp\/v2\/media?parent=2465"}],"wp:term":[{"taxonomy":"category","embeddable":true,"href":"https:\/\/clusterfamilyoffice.com\/en\/wp-json\/wp\/v2\/categories?post=2465"},{"taxonomy":"post_tag","embeddable":true,"href":"https:\/\/clusterfamilyoffice.com\/en\/wp-json\/wp\/v2\/tags?post=2465"}],"curies":[{"name":"wp","href":"https:\/\/api.w.org\/{rel}","templated":true}]}}