{"id":22966,"date":"2011-04-08T11:38:45","date_gmt":"2011-04-08T11:38:45","guid":{"rendered":"https:\/\/clusterfamilyoffice.com\/blog\/?p=656"},"modified":"2011-04-08T11:38:45","modified_gmt":"2011-04-08T11:38:45","slug":"el-chiste-sin-gracia-de-rodrigo-rato","status":"publish","type":"post","link":"https:\/\/clusterfamilyoffice.com\/en\/el-chiste-sin-gracia-de-rodrigo-rato\/","title":{"rendered":"El chiste sin gracia de Rodrigo Rato"},"content":{"rendered":"<div>\n<div><img decoding=\"async\" src=\"http:\/\/lacocinadebender.com\/wp-content\/uploads\/2010\/09\/rodrigo+rato.jpg\" border=\"0\" alt=\"\" width=\"138\" height=\"97\" align=\"left\" \/>El flamante nuevo presidente de Bankia, Rodrigo Rato, intervino el el XVIII Encuentro del Sector Financiero en el que hizo un chascarrillo que adem\u00e1s de desafortunado, no tiene ninguna gracia. La comparaci\u00f3n econ\u00f3mica de los europeos es odiosa, y con una mano fustigamos a aquellos que hablan de la periferia de la UE en t\u00e9rminos de PIGS, mientras que con la otra los presidentes de bancos espa\u00f1oles recuerdan en p\u00fablico el viejo chiste de \u00ab&#8230;van un alem\u00e1n, un ingl\u00e9s, un franc\u00e9s y un espa\u00f1ol en un avi\u00f3n&#8230;\u00bb El chiste recordado por Rodrigo Rato lo pod\u00e9is ver en el siguiente <strong><a href=\"http:\/\/www.elconfidencial.com\/videos\/2011\/chiste-rodrigo-rato-20110408-2642.html\" target=\"_blank\" rel=\"noopener\">enlace<\/a><\/strong>.<\/div>\n<div><img fetchpriority=\"high\" decoding=\"async\" src=\"http:\/\/noticias.terra.es\/2011\/economia\/0311\/fotos-media\/banca-deuda-standard-and-poors-asigna-a-bankia-la-calificacion-mas-baja-dentro-de-la-buena-calidad.jpg\" border=\"0\" alt=\"\" width=\"395\" height=\"229\" align=\"right\" \/>Pues bien, lo que para el se\u00f1or Rato es una situaci\u00f3n envidiable que har\u00eda que los ingleses, italianos o franceses se tirasen gustosamente en paraca\u00eddas en Espa\u00f1a para disfrutar de nuestras condiciones financieras de activo y pasivo, a nadie se le escapa que no es m\u00e1s que una distorsi\u00f3n fruto de la precariedad del sistema financiero espa\u00f1ol. Pura desesperaci\u00f3n para mantener a flote balances quebrados. Pero seg\u00fan el presidente del nuevo banco (reciclado con antiguas Cajas y sus residuos t\u00f3xicos), las benevolentes condiciones que ofrecen nuestros bancos son la envidia del resto de la Europa central. \u00bfA qui\u00e9n pretenden enga\u00f1ar? Bueno s\u00ed, ya s\u00e9, enga\u00f1an a los ahorradores que les conf\u00edan su dinero en toda clase de productos bancarios a cambio de intereses tentadores. Pero a qui\u00e9n m\u00e1s? Y es que su negocio se mantiene vivo por la confianza popular de la que, parad\u00f3jica y sorprendentemente, a\u00fan gozan. Por ello, cualquier oportunidad, chascarrillo o intervenci\u00f3n en medios de comunicaci\u00f3n, es buena para repetir el \u00fanico mantra que los mantiene a flote: El sistema financiero espa\u00f1ol no est\u00e1 en quiebra, los inmuebles ya no bajar\u00e1n m\u00e1s y toda una retah\u00edla de consabidas mentiras.<\/div>\n<div>Siguiendo con el absurdo razonamiento de Rato, los paracaidistas europeos deber\u00edan preferir tirarse en Portugal o en Grecia (o qui\u00e9n sabe si tambi\u00e9n en cualquier rep\u00fablica bananera hiperinflacionada), que lanzarse en Espa\u00f1a. Pero la realidad, la triste y cruda realidad es que es el espa\u00f1ol (o el resto de PIGS), el que deber\u00eda saltar de un avi\u00f3n en el que sencillamente su econom\u00eda <a href=\"http:\/\/www.elconfidencial.com\/en-exclusiva\/2011\/trichet-prepara-otras-subidas-tipos-hasta-20110408-77215.html\" target=\"_blank\" rel=\"noopener\">no le permite volar.<\/a> Eso s\u00ed, hasta el momento los paraca\u00eddas para todos ellos los est\u00e1 suministrando el alem\u00e1n, el franc\u00e9s, el italiano&#8230;. Qu\u00e9 mundo Facundo!<\/div>\n<div>\n<p>&nbsp;<\/p>\n<div>P.D. Ah\u00ed va otro que <a href=\"http:\/\/twitter.com\/ClusterFO\" target=\"_blank\" rel=\"noopener\">twitteamos<\/a> hace un par de d\u00edas para sonre\u00edr antes del fin de semana, esta vez de un c\u00f3mico de verdad, Buenafuente: Se abre el tel\u00f3n y se ve un griego, un irland\u00e9s y un portugu\u00e9s&#8230;<\/div>\n<div>&#8230;empe\u00f1an el tel\u00f3n \ud83d\ude42<\/div>\n<\/div>\n<\/div>","protected":false},"excerpt":{"rendered":"<p>El flamante nuevo presidente de Bankia, Rodrigo Rato, intervino el el XVIII Encuentro del Sector Financiero en el que hizo un chascarrillo que adem\u00e1s de desafortunado, no tiene ninguna gracia. La comparaci\u00f3n econ\u00f3mica de los europeos es odiosa, y con una mano fustigamos a aquellos que hablan de la periferia de la UE en t\u00e9rminos [&hellip;]<\/p>\n","protected":false},"author":6,"featured_media":0,"comment_status":"open","ping_status":"open","sticky":false,"template":"","format":"standard","meta":{"footnotes":""},"categories":[38],"tags":[],"class_list":["post-22966","post","type-post","status-publish","format-standard","hentry","category-actualidad"],"_links":{"self":[{"href":"https:\/\/clusterfamilyoffice.com\/en\/wp-json\/wp\/v2\/posts\/22966","targetHints":{"allow":["GET"]}}],"collection":[{"href":"https:\/\/clusterfamilyoffice.com\/en\/wp-json\/wp\/v2\/posts"}],"about":[{"href":"https:\/\/clusterfamilyoffice.com\/en\/wp-json\/wp\/v2\/types\/post"}],"author":[{"embeddable":true,"href":"https:\/\/clusterfamilyoffice.com\/en\/wp-json\/wp\/v2\/users\/6"}],"replies":[{"embeddable":true,"href":"https:\/\/clusterfamilyoffice.com\/en\/wp-json\/wp\/v2\/comments?post=22966"}],"version-history":[{"count":0,"href":"https:\/\/clusterfamilyoffice.com\/en\/wp-json\/wp\/v2\/posts\/22966\/revisions"}],"wp:attachment":[{"href":"https:\/\/clusterfamilyoffice.com\/en\/wp-json\/wp\/v2\/media?parent=22966"}],"wp:term":[{"taxonomy":"category","embeddable":true,"href":"https:\/\/clusterfamilyoffice.com\/en\/wp-json\/wp\/v2\/categories?post=22966"},{"taxonomy":"post_tag","embeddable":true,"href":"https:\/\/clusterfamilyoffice.com\/en\/wp-json\/wp\/v2\/tags?post=22966"}],"curies":[{"name":"wp","href":"https:\/\/api.w.org\/{rel}","templated":true}]}}