{"id":22964,"date":"2011-03-12T18:37:51","date_gmt":"2011-03-12T18:37:51","guid":{"rendered":"https:\/\/clusterfamilyoffice.com\/blog\/?p=634"},"modified":"2011-03-12T18:37:51","modified_gmt":"2011-03-12T18:37:51","slug":"cloroformo-croissant-2e","status":"publish","type":"post","link":"https:\/\/clusterfamilyoffice.com\/en\/cloroformo-croissant-2e\/","title":{"rendered":"Cloroformo + croissant 2\u20ac"},"content":{"rendered":"<p>Aqu\u00ed ten\u00e9is otro post de nuestro amigo argentino Jorge, y esta vez nos adjunta un video de un famoso c\u00f3mico de su pa\u00eds. Yo desde luego prefiero un caf\u00e9 o un t\u00e9 para acompa\u00f1ar el croissant:<\/p>\n<blockquote><p><em><strong>Cloroformo + Croissant: 2\u20ac<\/strong><\/em><\/p>\n<p><em><span style=\"font-family: verdana,geneva;\">Aunque muchos de ustedes no lo crean es el nuevo desayuno mediterr\u00e1neo. Si se\u00f1ores, esto es lo que est\u00e1 consumiendo la gente en estos momentos por todo nuestro territorio. Si no, alguien que me lo desmienta. Estamos adormecidos, atontados, no reaccionamos absolutamente a nada. Nos limitan la velocidad, la aceptamos; nos proh\u00edben fumar, lo aceptamos; nos vacunan contra la gripe A, lo aceptamos; nos dicen que en marzo bajar\u00e1 el desempleo, lo aceptamos&#8230; Y as\u00ed infinita cantidad de restricciones y prohibiciones que paulatinamente van lanzando, para distraernos, para seguir d\u00e1ndonos la raci\u00f3n diaria de anestesia.<\/span><span style=\"font-family: verdana,geneva;\"> Es el momento de decir basta, necesitamos un plan, y es ya. Basta de caf\u00e9 descafeinado, con mas cafe\u00edna mejor, salvo hipertensos. Es el momento de que el d\u00eda tenga 25 horas, y sean todas esas las que trabajemos para salir del estado de letargo del que nos encontramos.<\/span><\/em><\/p>\n<p><em><span style=\"font-family: verdana,geneva;\">Hay que cambiar la actitud por parte de todos. Dejemos de estar esperando al famoso y endeudado ESTADO. \u00c9l ya no existe, es solo un abobinable monstruo a punto de morir. Dejemos de lamentarnos y pong\u00e1monos a trabajar. Creemos nuestras propias posibilidades y seamos responsables de nosotros mismos. Debemos recuperar la cultura del esfuerzo. Seamos austeros, el fest\u00edn ya se ha acabado, eso forma parte de la historia. Y la historia s\u00f3lo la escriben los que ganan, los perdedores no figuran en ella, no la pueden escribir. Nuestra historia es personal, \u00bfo alguno de nosotros quiere que nuestros hijos nos recriminen lo que les estamos dejando?<\/span><\/em><\/p>\n<p><em><span style=\"font-family: verdana,geneva;\">Debemos obligar a los pol\u00edticos a que se pongan las pilas, no porque ellos nos puedan solucionar algo, sino para que no nos pongan m\u00e1s trabas en este duro camino. Ya basta, alto y claro hay que decirlo. Emprendamos ya mismo el camino por el t\u00fanel, dejemos de cavar hacia abajo, empecemos a caminar hacia adelante. S\u00f3lo de nosotros depende nuestro presente y nuestro futuro. Nadie vendr\u00e1 a rescatarnos, absolutamente nadie, no somos lo suficientemente importantes, seg\u00fan ellos, para que se pongan en marcha.<\/span><\/em><\/p>\n<p><em><span style=\"font-family: verdana,geneva;\">Somos art\u00edfices de nuestro destino, empecemos ya a forjarlo. Y el que no crea en todo esto, que haga como<a href=\"http:\/\/www.youtube.com\/watch?v=4787hfqNV28&amp;tracker=False\" target=\"_blank\" rel=\"noopener\"> Fernandito..<\/a><\/span><\/em><\/p><\/blockquote>","protected":false},"excerpt":{"rendered":"<p>Aqu\u00ed ten\u00e9is otro post de nuestro amigo argentino Jorge, y esta vez nos adjunta un video de un famoso c\u00f3mico de su pa\u00eds. Yo desde luego prefiero un caf\u00e9 o un t\u00e9 para acompa\u00f1ar el croissant: Cloroformo + Croissant: 2\u20ac Aunque muchos de ustedes no lo crean es el nuevo desayuno mediterr\u00e1neo. Si se\u00f1ores, esto [&hellip;]<\/p>\n","protected":false},"author":6,"featured_media":0,"comment_status":"open","ping_status":"open","sticky":false,"template":"","format":"standard","meta":{"footnotes":""},"categories":[46],"tags":[],"class_list":["post-22964","post","type-post","status-publish","format-standard","hentry","category-boquerones-fritoscolaboraciones"],"_links":{"self":[{"href":"https:\/\/clusterfamilyoffice.com\/en\/wp-json\/wp\/v2\/posts\/22964","targetHints":{"allow":["GET"]}}],"collection":[{"href":"https:\/\/clusterfamilyoffice.com\/en\/wp-json\/wp\/v2\/posts"}],"about":[{"href":"https:\/\/clusterfamilyoffice.com\/en\/wp-json\/wp\/v2\/types\/post"}],"author":[{"embeddable":true,"href":"https:\/\/clusterfamilyoffice.com\/en\/wp-json\/wp\/v2\/users\/6"}],"replies":[{"embeddable":true,"href":"https:\/\/clusterfamilyoffice.com\/en\/wp-json\/wp\/v2\/comments?post=22964"}],"version-history":[{"count":0,"href":"https:\/\/clusterfamilyoffice.com\/en\/wp-json\/wp\/v2\/posts\/22964\/revisions"}],"wp:attachment":[{"href":"https:\/\/clusterfamilyoffice.com\/en\/wp-json\/wp\/v2\/media?parent=22964"}],"wp:term":[{"taxonomy":"category","embeddable":true,"href":"https:\/\/clusterfamilyoffice.com\/en\/wp-json\/wp\/v2\/categories?post=22964"},{"taxonomy":"post_tag","embeddable":true,"href":"https:\/\/clusterfamilyoffice.com\/en\/wp-json\/wp\/v2\/tags?post=22964"}],"curies":[{"name":"wp","href":"https:\/\/api.w.org\/{rel}","templated":true}]}}