{"id":22962,"date":"2011-03-05T13:07:11","date_gmt":"2011-03-05T13:07:11","guid":{"rendered":"https:\/\/clusterfamilyoffice.com\/blog\/?p=625"},"modified":"2011-03-05T13:07:11","modified_gmt":"2011-03-05T13:07:11","slug":"la-crisis-ha-terminado","status":"publish","type":"post","link":"https:\/\/clusterfamilyoffice.com\/en\/la-crisis-ha-terminado\/","title":{"rendered":"La Crisis ha terminado."},"content":{"rendered":"<p>Muchos de vosotros recordar\u00e9is a Jorge, nuestro gran Amigo argentino, que ha venido colaborando espor\u00e1dicamente en nuestro blog. Siempre con su visi\u00f3n \u00e1cida, nos hace reflexionar sobre lo que ocurre en este mundo con una lucidez poco com\u00fan. Hoy nos trae un art\u00edculo de t\u00edtulo sugerente&#8230; no os digo m\u00e1s. Que lo difrut\u00e9is:<!--more--><\/p>\n<blockquote><p><em><strong>La crisis ha terminado&#8230;<\/strong><\/em><\/p>\n<p><em><strong><img fetchpriority=\"high\" decoding=\"async\" src=\"http:\/\/4discovery.files.wordpress.com\/2006\/09\/luz-ao-fundo-do-tunel_4discovery.jpg\" border=\"0\" alt=\"\" width=\"201\" height=\"285\" align=\"left\" \/><\/strong><\/em><em>Este es el titular m\u00e1s ansiado por la mayor\u00eda de habitantes de este pa\u00eds. Me arriesgar\u00eda a decir, que m\u00e1s esperado que la vacuna contra el c\u00e1ncer.<\/em><\/p>\n<p><em>En primer lugar estoy convencido que la crisis hace tiempo ha terminado. La crisis como tal acabo su andadura en estos mundos cuando los gobiernos, para salvar el sistema vigente inyectaron grandes cantidades de dinero por medio de sus gestores, salvando a los bancos de la quiebra inminente. De esto hace aproximadamente dos a\u00f1os.<\/em><\/p>\n<p><em>El nuevo modelo actual y vigente nada tiene que ver con la crisis, ella nos meti\u00f3 dentro de un t\u00fanel, o nos metimos nosotros, por querer vivir en ese estado de BIENESTAR que compramos a cr\u00e9dito, y que ahora hay que pagar.<\/em><\/p>\n<p><em>Durante a\u00f1os y dir\u00eda que muchos, vivimos por encima de nuestras posibilidades. Cu\u00e1ntos de nosotros hemos escuchado de supuestos profesionales: \u201cTienes que esperar dos meses para esta reparaci\u00f3n\u201d; \u201cQue me los quitan de las manos\u201d; \u201cEl Juan se compr\u00f3 un piso de 50 millones\u201d&#8230; e infinitas frases m\u00e1s que avecinaban lo peor. Pero pocos fuimos los que razonamos que la situaci\u00f3n era insostenible, que no pod\u00edamos seguir endeud\u00e1ndonos hasta el infinito, y recuerden la mejor: Los pisos NUNCA BAJAN.<\/em>..<\/p>\n<p><em>En el nuevo modelo cada uno de nosotros debemos y tenemos la obligaci\u00f3n de buscarnos nuestras propias habichuelas. Ya nada podemos esperar de un estado fara\u00f3nico, aletargado y desproporcionado. Siempre vivimos a la espera de&#8230; o los bancos, o que el Estado nos pudiera solucionar el problema.<\/em><\/p>\n<p><em>Es el momento de aprender a vivir en el t\u00fanel, no sigamos perdiendo el tiempo buscando la salida. Estamos dentro de \u00e9l, aprendamos a vivir en \u00e9l, como cuando un d\u00eda cambiamos la Casio y la Olivetti por el ordenador. No fue f\u00e1cil pero tampoco tan complicado. Solamente con inteligencia, innovaci\u00f3n y voluntad podremos cambiar nuestro destino.<\/em><\/p>\n<p><em>En este t\u00fanel hay infinitas oportunidades, solo que tenemos que estar preparados para descubrirlas, y preparados significa, formados y especializados. Solo los valientes encontraremos el camino.<\/em><\/p>\n<p>&nbsp;<\/p><\/blockquote>\n<p style=\"text-align: center;\">Una vez m\u00e1s, gracias Jorge.<\/p>","protected":false},"excerpt":{"rendered":"<p>Muchos de vosotros recordar\u00e9is a Jorge, nuestro gran Amigo argentino, que ha venido colaborando espor\u00e1dicamente en nuestro blog. Siempre con su visi\u00f3n \u00e1cida, nos hace reflexionar sobre lo que ocurre en este mundo con una lucidez poco com\u00fan. Hoy nos trae un art\u00edculo de t\u00edtulo sugerente&#8230; no os digo m\u00e1s. Que lo difrut\u00e9is:<\/p>","protected":false},"author":6,"featured_media":0,"comment_status":"open","ping_status":"open","sticky":false,"template":"","format":"standard","meta":{"footnotes":""},"categories":[46],"tags":[],"class_list":["post-22962","post","type-post","status-publish","format-standard","hentry","category-boquerones-fritoscolaboraciones"],"_links":{"self":[{"href":"https:\/\/clusterfamilyoffice.com\/en\/wp-json\/wp\/v2\/posts\/22962","targetHints":{"allow":["GET"]}}],"collection":[{"href":"https:\/\/clusterfamilyoffice.com\/en\/wp-json\/wp\/v2\/posts"}],"about":[{"href":"https:\/\/clusterfamilyoffice.com\/en\/wp-json\/wp\/v2\/types\/post"}],"author":[{"embeddable":true,"href":"https:\/\/clusterfamilyoffice.com\/en\/wp-json\/wp\/v2\/users\/6"}],"replies":[{"embeddable":true,"href":"https:\/\/clusterfamilyoffice.com\/en\/wp-json\/wp\/v2\/comments?post=22962"}],"version-history":[{"count":0,"href":"https:\/\/clusterfamilyoffice.com\/en\/wp-json\/wp\/v2\/posts\/22962\/revisions"}],"wp:attachment":[{"href":"https:\/\/clusterfamilyoffice.com\/en\/wp-json\/wp\/v2\/media?parent=22962"}],"wp:term":[{"taxonomy":"category","embeddable":true,"href":"https:\/\/clusterfamilyoffice.com\/en\/wp-json\/wp\/v2\/categories?post=22962"},{"taxonomy":"post_tag","embeddable":true,"href":"https:\/\/clusterfamilyoffice.com\/en\/wp-json\/wp\/v2\/tags?post=22962"}],"curies":[{"name":"wp","href":"https:\/\/api.w.org\/{rel}","templated":true}]}}