{"id":22938,"date":"2009-02-26T17:42:00","date_gmt":"2009-02-26T17:42:00","guid":{"rendered":"https:\/\/clusterfamilyoffice.com\/blog\/?p=395"},"modified":"2009-02-26T17:42:00","modified_gmt":"2009-02-26T17:42:00","slug":"boquerones-fritos-v","status":"publish","type":"post","link":"https:\/\/clusterfamilyoffice.com\/en\/boquerones-fritos-v\/","title":{"rendered":"Boquerones Fritos (V)"},"content":{"rendered":"<div style=\"text-align: justify;\">A continuaci\u00f3n os pego otro comentario que a nuestro juicio merece la visibilidad de un art\u00edculo, para que todos los lectores puedan discutirlo y debatirlo. A diferencia de los anteriores, \u00e9ste lo firma Francisco. Me parece de un muy buen estilo, independientemente de que pueda estar o no de acuerdo con su contenido. Espero que os guste y a\u00f1adir\u00e9 mi comentario a los vuestros:<\/p>\n<blockquote>\n<div style=\"font-style: italic;\" id=\":1u6\" class=\"ArwC7c ckChnd\">\n<div>Una oreja a la que contar ideas absurdas. Ya he comentado alguna vez que me gustan tus\/vuestros post, excepto cuando pretenden elevar a categor\u00eda an\u00e9cdotas referidas a experiencias personales relacionadas con vuestra actividad. Desde luego me gustan m\u00e1s o menos en la medida del grado de coincidencia con mi forma de ver las cosas, frecuentemente notable y que, mala suerte, me anima a escribirte. No tengo a nadie con quien charlar sobre \u00abinquietudes y pensamientos vagabundos\u00bb as\u00ed que te tomo como pa\u00f1o, no de l\u00e1grimas sino de pensamientos sin trascendencia o valor. S\u00ed, un poco aburrido y falto de opciones de ocio, tanto como para dirigirme en estos t\u00e9rminos contra un documento html de dudoso gusto est\u00e9tico (es broma, es muy chulo).<\/p>\n<\/div>\n<div> <\/div>\n<div><a onblur=\"try {parent.deselectBloggerImageGracefully();} catch(e) {}\" href=\"http:\/\/1.bp.blogspot.com\/_VIxOq4VLwLE\/SaE93e24cAI\/AAAAAAAAAp0\/IQv3qwMCrLA\/s1600-h\/01fed-600.jpg\" target=\"_blank\" rel=\"noopener\"><img decoding=\"async\" style=\"margin: 0px auto 10px; display: block; text-align: center; cursor: pointer; width: 514px; height: 282px;\" src=\"http:\/\/1.bp.blogspot.com\/_VIxOq4VLwLE\/SaE93e24cAI\/AAAAAAAAAp0\/IQv3qwMCrLA\/s400\/01fed-600.jpg\" alt=\"\" id=\"BLOGGER_PHOTO_ID_5305589859404509186\" border=\"0\" \/><\/a>Yendo al grano, pido (educadamente, nada de exigencias) tu opini\u00f3n sobre una idea que no me puedo quitar de la cabeza. Este credit crunch y todo lo que le acompa\u00f1a y acompa\u00f1ar\u00e1 tiene causa, seg\u00fan el consenso del mercado, en los banqueros, que son muy egoistas, avariciosos y tan tontos como para preocuparse exclusivamente por qui\u00e9n tiene el Lear m\u00e1s grande. Unos chimpanc\u00e9s con escopetas cargadas. Tambi\u00e9n tienen mucha culpa los banqueros centrales, que son mucho m\u00e1s listos que las ac\u00e9milas de los bancos privados, pero que guiados por su dogmatismo liberal han hecho dejaci\u00f3n de sus mandatos regulatorios y de supervisi\u00f3n. Y como una construcci\u00f3n s\u00f3lida no se sostiene sin al menos tres patas, la sociedad, o una parte relevante de ella, cuyo infantilismo e irresponsabilidad les ha llevado a asumir compromisos financieros que les permitieran satisfacer sus caprichos consumistas sin contar con aut\u00e9ntica capacidad para hacerlo. Mira como les echan la culpa:<\/p>\n<p>[youtube=http:\/\/www.youtube.com\/watch?v=bEZB4taSEoA]<\/p>\n<p>Habiendo <wbr>sucedido todo ello, yo no me lo creo. Nada de lo anterior es un accidente, no es el resultado de un cataclismo. Muchos observadores sagaces avanzaron la deriva de los acontecimientos por llegar, los que ahora comentamos. Bueno, mira el caso de Marx (he empezado a leer, de verdad, El Capital. Luego vendr\u00e1 el Quijote).<\/p>\n<p><\/wbr><\/div>\n<div> <\/div>\n<div><a onblur=\"try {parent.deselectBloggerImageGracefully();} catch(e) {}\" href=\"http:\/\/2.bp.blogspot.com\/_VIxOq4VLwLE\/SaE2nREV3RI\/AAAAAAAAAps\/wgAEznXrYdc\/s1600-h\/Marx.jpg\" target=\"_blank\" rel=\"noopener\"><img decoding=\"async\" style=\"margin: 0pt 10px 10px 0pt; float: left; cursor: pointer; width: 334px; height: 267px;\" src=\"http:\/\/2.bp.blogspot.com\/_VIxOq4VLwLE\/SaE2nREV3RI\/AAAAAAAAAps\/wgAEznXrYdc\/s400\/Marx.jpg\" alt=\"\" id=\"BLOGGER_PHOTO_ID_5305581884243565842\" border=\"0\" \/><\/a>Alguien est\u00e1 dirigiendo \u00e9sto, aqu\u00ed hay un plan de largo recorrido. \u00bfQue es absurdo? S\u00ed. \u00bfQue es la \u00fanica explicaci\u00f3n l\u00f3gica? Tambi\u00e9n. Esta situaci\u00f3n es provocada, no es posible tanta estulticia y abandono de las m\u00e1s elementales reglas, aqu\u00e9llas que han sido observadas religiosamente durante 150 a\u00f1os de desarrollo del capitalismo. Y de repente, en los diez \u00faltimos a\u00f1os, hey, a calz\u00f3n quitado vamos a meternos una pasada hom\u00e9rica que merezca ser contada. Luego veremos qu\u00e9 sucede. Aqu\u00ed se han quemado etapas a lo bestia, se ha forzado el sistema muy por encima de sus posibilidades, se ha quemado a prop\u00f3sito. Y s\u00f3lo se me ocurre una causa para hacer eso: la perentoria necesidad de cambiar un modelo basado en el consumo de unos hidrocarburos que se agotan. Un cambio as\u00ed no se puede hacer en un sistema m\u00e1s o menos operativo que progresa a velocidad de crucero. Los individuos s\u00f3lo cambian sus h\u00e1bitos si no tiene m\u00e1s remedio, si perciben la necesidad de alterarlos para sobrevivir. Y me parece a m\u00ed que en esas estamos, toca el palo para reeducarnos. \u00bfQui\u00e9n nos est\u00e1 breando con \u00e9l? Pues supongo que gente como <a href=\"http:\/\/en.wikipedia.org\/wiki\/Rex_Tillerson\" target=\"_blank\" rel=\"noopener\">Rex Tillerson<\/a> y sus se\u00f1oritos. No s\u00e9, probablemente son memeces sin sentido, siento haberte metido semejante turre, no era mi intenci\u00f3n, pero me li\u00e9. Si llegas a leerlo, y te quedan ganas, cu\u00e9ntame. Y si no, no pasa nada, la parte que me importaba ya esta cumplida. Mucho mejor.<\/p>\n<\/div>\n<div> <\/div>\n<div>Gracias.<\/div>\n<\/div>\n<\/blockquote>\n<div style=\"font-style: italic;\" id=\":1u6\" class=\"ArwC7c ckChnd\"> <\/div>\n<\/div>\n","protected":false},"excerpt":{"rendered":"<p>A continuaci\u00f3n os pego otro comentario que a nuestro juicio merece la visibilidad de un art\u00edculo, para que todos los lectores puedan discutirlo y debatirlo. A diferencia de los anteriores, \u00e9ste lo firma Francisco. Me parece de un muy buen estilo, independientemente de que pueda estar o no de acuerdo con su contenido. Espero que [&hellip;]<\/p>\n","protected":false},"author":6,"featured_media":0,"comment_status":"open","ping_status":"open","sticky":false,"template":"","format":"standard","meta":{"footnotes":""},"categories":[20],"tags":[],"class_list":["post-22938","post","type-post","status-publish","format-standard","hentry","category-sin-categorizar"],"_links":{"self":[{"href":"https:\/\/clusterfamilyoffice.com\/en\/wp-json\/wp\/v2\/posts\/22938","targetHints":{"allow":["GET"]}}],"collection":[{"href":"https:\/\/clusterfamilyoffice.com\/en\/wp-json\/wp\/v2\/posts"}],"about":[{"href":"https:\/\/clusterfamilyoffice.com\/en\/wp-json\/wp\/v2\/types\/post"}],"author":[{"embeddable":true,"href":"https:\/\/clusterfamilyoffice.com\/en\/wp-json\/wp\/v2\/users\/6"}],"replies":[{"embeddable":true,"href":"https:\/\/clusterfamilyoffice.com\/en\/wp-json\/wp\/v2\/comments?post=22938"}],"version-history":[{"count":0,"href":"https:\/\/clusterfamilyoffice.com\/en\/wp-json\/wp\/v2\/posts\/22938\/revisions"}],"wp:attachment":[{"href":"https:\/\/clusterfamilyoffice.com\/en\/wp-json\/wp\/v2\/media?parent=22938"}],"wp:term":[{"taxonomy":"category","embeddable":true,"href":"https:\/\/clusterfamilyoffice.com\/en\/wp-json\/wp\/v2\/categories?post=22938"},{"taxonomy":"post_tag","embeddable":true,"href":"https:\/\/clusterfamilyoffice.com\/en\/wp-json\/wp\/v2\/tags?post=22938"}],"curies":[{"name":"wp","href":"https:\/\/api.w.org\/{rel}","templated":true}]}}