{"id":22918,"date":"2009-01-14T00:03:00","date_gmt":"2009-01-14T00:03:00","guid":{"rendered":"https:\/\/clusterfamilyoffice.com\/blog\/?p=414"},"modified":"2009-01-14T00:03:00","modified_gmt":"2009-01-14T00:03:00","slug":"boquerones-fritos-iii","status":"publish","type":"post","link":"https:\/\/clusterfamilyoffice.com\/en\/boquerones-fritos-iii\/","title":{"rendered":"Boquerones Fritos (III)."},"content":{"rendered":"<div style=\"text-align: justify;\">Dentro de nuestra secci\u00f3n de comentarios recibidos dignos de publicarse y comentarse como art\u00edculos, y bautizados en su d\u00eda con el nombre del primero publicado (Boquerones Fritos), a continuaci\u00f3n os copiamos uno an\u00f3nimo que hemos recibido que creo que vale la pena comentar p\u00fablicamente en forma de post y que copiamos textualmente a continuaci\u00f3n:<\/div>\n<div style=\"text-align: justify;\">\n<blockquote style=\"font-style: italic;\"><p>\u00abLeo esta publicacion,\u00bfque os parece??<\/p>\n<p>Saludos:<\/p>\n<p><a onblur=\"try {parent.deselectBloggerImageGracefully();} catch(e) {}\" href=\"http:\/\/4.bp.blogspot.com\/_VIxOq4VLwLE\/SWm9sBSMGNI\/AAAAAAAAAec\/scI0caAyqm4\/s1600-h\/jordi_gual.jpg\" target=\"_blank\" rel=\"noopener\"><img decoding=\"async\" style=\"margin: 0pt 10px 10px 0pt; float: left; cursor: pointer; width: 150px; height: 273px;\" src=\"http:\/\/4.bp.blogspot.com\/_VIxOq4VLwLE\/SWm9sBSMGNI\/AAAAAAAAAec\/scI0caAyqm4\/s400\/jordi_gual.jpg\" alt=\"\" id=\"BLOGGER_PHOTO_ID_5289967801279977682\" border=\"0\" \/><\/a>La crisis de la econom\u00eda espa\u00f1ola ser\u00e1 m\u00e1s larga, pero menos profunda que la sufrida en 1993, estima el servicio de estudios de La Caixa, que cifra en el 1,3% la ca\u00edda media del Producto Interior Bruto este a\u00f1o y prev\u00e9 que la tasa de paro pueda llegar al 16% en la recta final del ejercicio. Los expertos de esta entidad consideran que la cifra de desempleados superar\u00e1 ligeramente los 3,7 millones a comienzos de 2010, sin alcanzar el list\u00f3n de los cuatro millones.<br \/>La cobertura social y las medidas de impulso a la econom\u00eda elevar\u00e1n el d\u00e9ficit p\u00fablico hasta el 5,5% del PIB en el actual ejercicio. Y el repunte se producir\u00e1 de forma paulatina, porque en 2010 el avance del PIB se limitar\u00e1 al 1% en el promedio del ejercicio. En conclusi\u00f3n, la fase aguda de la crisis se prolongar\u00e1 durante cinco a seis trimestres, tomando como punto de arranque el verano de 2008.<br \/>Jordi Gual, responsable del departamento de an\u00e1lisis de la entidad de ahorro, insisti\u00f3, durante la presentaci\u00f3n de estas proyecciones, en la necesidad de combatir el exceso de pesimismo. \u00abNos enfrentamos a una recesi\u00f3n, que no a una depresi\u00f3n\u00bb, afirm\u00f3, para explicar a continuaci\u00f3n que una econom\u00eda tiene sus propios mecanismos de &#8216;ajuste natural&#8217; que lo mismo pinchan el exceso de expansi\u00f3n que fomentan la actividad en momentos de contracci\u00f3n. Por eso, junto a los factores que confluyen en la generaci\u00f3n de la crisis econ\u00f3mica en Espa\u00f1a -crisis financiera global, recesi\u00f3n internacional generalizada, ajuste del sector inmobiliario, alto nivel de endeudamiento de familias y empresas- identific\u00f3 los mecanismos que jugar\u00e1n a favor de la recuperaci\u00f3n.<br \/>Si el precio del petr\u00f3leo pasa, como parece probable, de una media de 90 d\u00f3lares el barril en 2008 a un promedio de 60 d\u00f3lares este a\u00f1o, ese factor permitir\u00e1 que la ca\u00edda del Producto Interior Bruto sea inferior en medio punto. La rebaja de los tipos de inter\u00e9s en la zona euro, que el servicio de estudios de La Caixa cifra en medio punto en la cita del pr\u00f3ximo jueves y en otro medio punto adicional en la siguiente cita mensual del BCE, repercutir\u00e1 en el eur\u00edbor hipotecario, y ayudar\u00e1 a que el esfuerzo para la adquisici\u00f3n de una vivienda se reduzca en el primer a\u00f1o -incluidas deducciones fiscales- desde el 37% de la renta disponible familiar hasta el 25%. La inflaci\u00f3n bajar\u00e1 de una media del 4,1% en 2008 al 1,2% en el actual ejercicio.\u00bb<\/p><\/blockquote>\n<p><a onblur=\"try {parent.deselectBloggerImageGracefully();} catch(e) {}\" href=\"http:\/\/1.bp.blogspot.com\/_VIxOq4VLwLE\/SWm9bzZaoZI\/AAAAAAAAAeU\/FhV3o38iKhE\/s1600-h\/080124.pobres.crisis.jpg\" target=\"_blank\" rel=\"noopener\"><img decoding=\"async\" style=\"margin: 0px auto 10px; display: block; text-align: center; cursor: pointer; width: 602px; height: 315px;\" src=\"http:\/\/1.bp.blogspot.com\/_VIxOq4VLwLE\/SWm9bzZaoZI\/AAAAAAAAAeU\/FhV3o38iKhE\/s400\/080124.pobres.crisis.jpg\" alt=\"\" id=\"BLOGGER_PHOTO_ID_5289967522674286994\" border=\"0\" \/><\/a>Con toda probabilidad, el texto surge de la presentaci\u00f3n del Informe Econ\u00f3mico Mensual de La Caixa cuya <a href=\"http:\/\/www.lavanguardia.es\/economia\/noticias\/20090109\/53614322934\/la-caixa-cree-que-la-recesion-durara-hasta-finales-de-2009-pib-banco--central-europeo-jordi-gual-mad.html\" target=\"_blank\" rel=\"noopener\">noticia en La Vanguardia<\/a> pod\u00e9is releer.<\/p>\n<p>Dir\u00e9 que en general el texto me resulta excesivamente optimista y que por ello me encantar\u00eda que acertasen en sus predicciones y fuera yo el pesimista que se equivoque. Nada me gustar\u00eda m\u00e1s, desde luego. Y ese optimismo excesivo es comprensible y se explica perfectamente por su origen bancario: Servicio de Estudios de La Caixa. No obstante en algunos puntos coincido con ellos, pero empecemos por el principio:<\/p>\n<p>A mi entender el texto confunde la crisis espa\u00f1ola con la global, y en la actualidad no pueden disociarse de ninguna manera. La crisis mundial es tan grave que poco importa el estado aceptable ni la escasa profundidad de la crisis por pa\u00edses, a excepci\u00f3n en cierto modo de los pa\u00edses emergentes. El credit crunch, le crisis energ\u00e9tica (en definitiva la multicrisis) arrastra consigo a todos aquellos pa\u00edses o zonas que disfruten de una mejor situaci\u00f3n local y\/o temporal. Por tanto, suponiendo que fuera razonable pensar que \u00ab<span style=\"font-style: italic;\">La crisis de la econom\u00eda espa\u00f1ola ser\u00e1 m\u00e1s larga, pero menos profunda que la sufrida en 1993<\/span>\u00ab, el tsunami global va a hundir tambi\u00e9n a Espa\u00f1a por debajo de la profundidad de su crisis de 1993, que yo situar\u00eda quiz\u00e1s un a\u00f1o antes, y probablemente la prolongue mucho m\u00e1s all\u00e1 de lo sucedido en esos a\u00f1os.<\/p>\n<p><a onblur=\"try {parent.deselectBloggerImageGracefully();} catch(e) {}\" href=\"http:\/\/2.bp.blogspot.com\/_VIxOq4VLwLE\/SWnBDjdccqI\/AAAAAAAAAek\/79jshC1dzFQ\/s1600-h\/crisis.GIF\" target=\"_blank\" rel=\"noopener\"><img decoding=\"async\" style=\"margin: 0px auto 10px; display: block; text-align: center; cursor: pointer; width: 567px; height: 305px;\" src=\"http:\/\/2.bp.blogspot.com\/_VIxOq4VLwLE\/SWnBDjdccqI\/AAAAAAAAAek\/79jshC1dzFQ\/s400\/crisis.GIF\" alt=\"\" id=\"BLOGGER_PHOTO_ID_5289971504125866658\" border=\"0\" \/><\/a>En cuanto a la cifra del paro, es un simple baile de n\u00fameros locales que, como ya hemos dicho, poco importar\u00e1n en cuanto el mundo, globalmente, salga de las tenebrosas profundidades donde estamos adentr\u00e1ndonos. Pero me parece que ese 16% puede superarse en al menos dos puntos m\u00e1s con una escalofriante facilidad. En cuanto al d\u00e9ficit p\u00fablico, depender\u00e1 tambi\u00e9n de la gran volatilidad que podamos sufrir en el precio del petr\u00f3leo\/gas, pero probablemente tambi\u00e9n corregir\u00eda esa cifra a la alza. Respecto al PIB, crecer un 1% o por debajo, ser\u00e1 una cuesti\u00f3n de pura estad\u00edstica macroecon\u00f3mica que s\u00f3lo servir\u00e1 para que alguno siga distinguiendo entre recesi\u00f3n t\u00e9cnica y no recesi\u00f3n en medio de la depresi\u00f3n, algo que es vital para la recuperaci\u00f3n de la confianza y sentimiento optimista tan necesario para la banca. Seg\u00fan dicho informe: \u00abLos 5 o 6 trimestres que comenzaron en el pasado verano se prolongar\u00edan por tanto hasta el \u00faltimo de 2009 como <span style=\"font-style: italic;\">fase aguda de la crisis<\/span>\u00ab. Pero aunque es posible que durante los pr\u00f3ximos 12 meses veamos lo peor, yo mantendr\u00eda la prudencia de pensar tambi\u00e9n en todo el 2010 como a\u00f1o de grave crisis macroecon\u00f3mica. A partir de ah\u00ed, seguir\u00eda la depresi\u00f3n pero con quiz\u00e1s alternancia entre periodos como esos 8 o 10 trimestres y algunos trimestres de leve recuperaci\u00f3n, como sucedi\u00f3 en la d\u00e9cada de los a\u00f1os 30.<\/p>\n<p><a onblur=\"try {parent.deselectBloggerImageGracefully();} catch(e) {}\" href=\"http:\/\/1.bp.blogspot.com\/_VIxOq4VLwLE\/SWnFlB2h8nI\/AAAAAAAAAe0\/5Wgc-zPlGn4\/s1600-h\/4630968.jpg\" target=\"_blank\" rel=\"noopener\"><img decoding=\"async\" style=\"margin: 0px auto 10px; display: block; text-align: center; cursor: pointer; width: 580px; height: 361px;\" src=\"http:\/\/1.bp.blogspot.com\/_VIxOq4VLwLE\/SWnFlB2h8nI\/AAAAAAAAAe0\/5Wgc-zPlGn4\/s400\/4630968.jpg\" alt=\"\" id=\"BLOGGER_PHOTO_ID_5289976477266342514\" border=\"0\" \/><\/a>Respecto a la opini\u00f3n recesiva y no depresiva de Jordi Gual, economista jefe de La Caixa y Doctor en Economia por la Universidad de California (Berkeley), con todos mis respetos y sincera admiraci\u00f3n, me temo que se equivoca. No estamos ante una recesi\u00f3n puntual sino ante una depresi\u00f3n en toda regla, con sus fases posibles conocidas (Great Depression) o probables desconocidas (sin referentes anteriores). Pero estoy de acuerdo en que la econom\u00eda tiene sus propios ajustes naturales para ponderar, tanto los excesos de bonanza como para achicar agua cuando llega a los ojos (m\u00e1s arriba del cuello y de la nariz). Y sobre todo ese fen\u00f3meno se produce en los \u00faltimos a\u00f1os, cuando vemos como la globalizaci\u00f3n expande virus como el subprime, pero tambi\u00e9n como puede amplificar y globalizar los efectos anti depresivos que puedan surgir en los pr\u00f3ximos semestres de los pa\u00edses emergentes.<\/p>\n<p>Obviamente las rebajas fiscales y de los tipos son condici\u00f3n <span style=\"font-style: italic;\">sine qua non<\/span> para sobrevivir durante m\u00e1s tiempo a esta multicrisis, y una moderaci\u00f3n en el precio del petr\u00f3leo a niveles de 60 $ marcar\u00e1 la diferencia entre la vida y la muerte del enfermo. Pero parece que los pa\u00edses productores tienen claro que, al igual que Dios, ellos deben apretar pero no ahogar, ya que si se exceden se les va a morir por inanici\u00f3n la mism\u00edsima demanda. Por supuesto, la inflaci\u00f3n estar\u00e1 desde ya por los suelos e incluso podemos verla peri\u00f3dicamente en negativo al m\u00e1s puro estilo deflacionista.<\/p>\n<p><a onblur=\"try {parent.deselectBloggerImageGracefully();} catch(e) {}\" href=\"http:\/\/3.bp.blogspot.com\/_VIxOq4VLwLE\/SWnDfTA60cI\/AAAAAAAAAes\/VMboUKguZjA\/s1600-h\/4.jpg\" target=\"_blank\" rel=\"noopener\"><img decoding=\"async\" style=\"margin: 0pt 0pt 10px 10px; float: right; cursor: pointer; width: 256px; height: 282px;\" src=\"http:\/\/3.bp.blogspot.com\/_VIxOq4VLwLE\/SWnDfTA60cI\/AAAAAAAAAes\/VMboUKguZjA\/s400\/4.jpg\" alt=\"\" id=\"BLOGGER_PHOTO_ID_5289974179770847682\" border=\"0\" \/><\/a>Para finalizar quiero hacer una reflexi\u00f3n. Fijaos que en este art\u00edculo y cada d\u00eda en m\u00e1s y m\u00e1s opiniones y declaraciones, se est\u00e1n dejando absolutamente de lado las soluciones a largo plazo,  las sostenibles o las Soluciones en may\u00fasculas. Y se est\u00e1 centrando la atenci\u00f3n en la supervivencia a corto plazo, el pan para hoy. Hablamos de reducir los tipos a cero para que el endeudamiento circule y resucite, de un petr\u00f3leo a niveles suficientemente bajos como para seguir quem\u00e1ndolo masivamente, de una a\u00f1orada inflaci\u00f3n que nos saque de las garras de la deflaci\u00f3n depresiva, etc&#8230; Y no digo que no sea lo que ahora toca hacer, ya que no estamos en condiciones de mejorar el mundo que dejamos atr\u00e1s hace a\u00f1o y medio, sino de buscar la supervivencia. Cuando lo hayamos conseguido, hablaremos de las pol\u00edticas econ\u00f3micas sostenibles, de refundaciones del capitalismo (que hay que ir ya esbozando y aplicando de forma incipiente), de energ\u00edas alternativas y de modelos expansionistas austr\u00edacos o no. Pero ahora s\u00f3lo toca intentar con todas nuestras fuerzas que Darwin se mantenga alejado de nosotros en los pr\u00f3ximos a\u00f1os. As\u00ed de mal estamos pese a los sesudos, eminentes y sesgados informes de una banca cuyo futuro pasa indefectiblemente por la recuperaci\u00f3n de la confianza. Quiz\u00e1s lo malo no ser\u00eda que los lectores lo creyeran, sino que lo hicieran sus propios autores.<\/div>","protected":false},"excerpt":{"rendered":"<p>Dentro de nuestra secci\u00f3n de comentarios recibidos dignos de publicarse y comentarse como art\u00edculos, y bautizados en su d\u00eda con el nombre del primero publicado (Boquerones Fritos), a continuaci\u00f3n os copiamos uno an\u00f3nimo que hemos recibido que creo que vale la pena comentar p\u00fablicamente en forma de post y que copiamos textualmente a continuaci\u00f3n: \u00abLeo [&hellip;]<\/p>\n","protected":false},"author":6,"featured_media":0,"comment_status":"open","ping_status":"open","sticky":false,"template":"","format":"standard","meta":{"footnotes":""},"categories":[20],"tags":[],"class_list":["post-22918","post","type-post","status-publish","format-standard","hentry","category-sin-categorizar"],"_links":{"self":[{"href":"https:\/\/clusterfamilyoffice.com\/en\/wp-json\/wp\/v2\/posts\/22918","targetHints":{"allow":["GET"]}}],"collection":[{"href":"https:\/\/clusterfamilyoffice.com\/en\/wp-json\/wp\/v2\/posts"}],"about":[{"href":"https:\/\/clusterfamilyoffice.com\/en\/wp-json\/wp\/v2\/types\/post"}],"author":[{"embeddable":true,"href":"https:\/\/clusterfamilyoffice.com\/en\/wp-json\/wp\/v2\/users\/6"}],"replies":[{"embeddable":true,"href":"https:\/\/clusterfamilyoffice.com\/en\/wp-json\/wp\/v2\/comments?post=22918"}],"version-history":[{"count":0,"href":"https:\/\/clusterfamilyoffice.com\/en\/wp-json\/wp\/v2\/posts\/22918\/revisions"}],"wp:attachment":[{"href":"https:\/\/clusterfamilyoffice.com\/en\/wp-json\/wp\/v2\/media?parent=22918"}],"wp:term":[{"taxonomy":"category","embeddable":true,"href":"https:\/\/clusterfamilyoffice.com\/en\/wp-json\/wp\/v2\/categories?post=22918"},{"taxonomy":"post_tag","embeddable":true,"href":"https:\/\/clusterfamilyoffice.com\/en\/wp-json\/wp\/v2\/tags?post=22918"}],"curies":[{"name":"wp","href":"https:\/\/api.w.org\/{rel}","templated":true}]}}