{"id":22916,"date":"2009-01-20T20:05:00","date_gmt":"2009-01-20T20:05:00","guid":{"rendered":"https:\/\/clusterfamilyoffice.com\/blog\/?p=412"},"modified":"2009-01-20T20:05:00","modified_gmt":"2009-01-20T20:05:00","slug":"futuro-en-blanco-y-negro","status":"publish","type":"post","link":"https:\/\/clusterfamilyoffice.com\/en\/futuro-en-blanco-y-negro\/","title":{"rendered":"Futuro en blanco y negro."},"content":{"rendered":"<div style=\"text-align: justify;\">Seguramente la mayor\u00eda recordemos las batallitas contadas por nuestros abuelos, incluso las que todav\u00eda hoy nos cuentan nuestros padres. En ellas sol\u00edan haber muchas apreturas, vidas dif\u00edciles que forjaron lo que son o fueron nuestros antepasados. Sin embargo, a pesar de todo, la respuesta habitual a la pregunta clave es que aquellos tiempos fueron tambi\u00e9n muy felices. Una felicidad que se encontraba de multiples maneras pero que se basaba en cosas simples y austeras que, no obstante, deslumbraban sus vidas y a\u00fan forman parte de los recuerdos imborrables que nos transmiten.<\/div>\n<div style=\"text-align: justify;\"><a onblur=\"try {parent.deselectBloggerImageGracefully();} catch(e) {}\" href=\"http:\/\/2.bp.blogspot.com\/_VIxOq4VLwLE\/SXGIdpYkgjI\/AAAAAAAAAfg\/lRcueh_QdNs\/s1600-h\/ancestors2a.jpg\" target=\"_blank\" rel=\"noopener\"><img decoding=\"async\" style=\"margin: 0px auto 10px; display: block; text-align: center; cursor: pointer; width: 594px; height: 420px;\" src=\"http:\/\/2.bp.blogspot.com\/_VIxOq4VLwLE\/SXGIdpYkgjI\/AAAAAAAAAfg\/lRcueh_QdNs\/s400\/ancestors2a.jpg\" alt=\"\" id=\"BLOGGER_PHOTO_ID_5292161080043536946\" border=\"0\" \/><\/a>Algunos de nosotros las escuch\u00e1bamos atentamente y recordamos esas  historias entra\u00f1ables como la forma de vivir en un mundo antiguo, muy distinto al nuestro. Otros quiz\u00e1 hayan olvidado la mayor\u00eda de esas batallitas contadas, o incluso ni siquiera jam\u00e1s las hayan querido o\u00edr con atenci\u00f3n, probablemente por puro desinter\u00e9s en un modo de vida ancestral que dif\u00edcilmente iba a volver para nadie. El nuestro es un mundo hoy globalizado, moderno, tecnol\u00f3gico, intercomunicado, trepidante, opulento, internacional, excesivo, etc&#8230; Podemos calificarlo con infinidad de adjetivos, todos muy distantes al mundo de las batallitas de nuestros antepasados.<\/p>\n<p><a onblur=\"try {parent.deselectBloggerImageGracefully();} catch(e) {}\" href=\"http:\/\/4.bp.blogspot.com\/_VIxOq4VLwLE\/SXGIwhYerPI\/AAAAAAAAAfo\/jSL-WjU2cCQ\/s1600-h\/ancestors2.jpg\" target=\"_blank\" rel=\"noopener\"><img decoding=\"async\" style=\"margin: 0pt 10px 10px 0pt; float: left; cursor: pointer; width: 399px; height: 280px;\" src=\"http:\/\/4.bp.blogspot.com\/_VIxOq4VLwLE\/SXGIwhYerPI\/AAAAAAAAAfo\/jSL-WjU2cCQ\/s400\/ancestors2.jpg\" alt=\"\" id=\"BLOGGER_PHOTO_ID_5292161404313185522\" border=\"0\" \/><\/a>Estos calificativos de la actualidad tan excesivos nos han llevado al l\u00edmite. Al l\u00edmite del capitalismo en el primer mundo, y sin embargo al ostracismo econ\u00f3mico del tercero. No obstante tambi\u00e9n ha favorecido el despertar de los paises emergentes, que quiz\u00e1 suponga la salvaci\u00f3n de occidente en esta Gran Depresi\u00f3n Global en la que nos hemos metido por nuestra mala cabeza. Pero centr\u00e1ndonos en el primer mundo, donde tenemos la suerte de vivir, posiblemente debamos sufrir una cierta regresi\u00f3n que resultar\u00eda muy familiar a nuestros abuelos. Podemos volver a ver en el propietario de una vivienda, a una familia pudiente, como en aquellos tiempos en que todos viv\u00edan de alquiler, a excepci\u00f3n de los ricos o \u00abde buena familia\u00bb. <span style=\"font-weight: bold;\">Unos tiempos donde la clase media se llamaba trabajadora y era la norma en una sociedad donde todo faltaba y estaba por venir<\/span>.<\/p>\n<p><a onblur=\"try {parent.deselectBloggerImageGracefully();} catch(e) {}\" href=\"http:\/\/1.bp.blogspot.com\/_VIxOq4VLwLE\/SXGI_L-5ZiI\/AAAAAAAAAfw\/Cxrvds4ZDfI\/s1600-h\/19752s.jpg\" target=\"_blank\" rel=\"noopener\"><img decoding=\"async\" style=\"margin: 0px auto 10px; display: block; text-align: center; cursor: pointer; width: 515px; height: 375px;\" src=\"http:\/\/1.bp.blogspot.com\/_VIxOq4VLwLE\/SXGI_L-5ZiI\/AAAAAAAAAfw\/Cxrvds4ZDfI\/s400\/19752s.jpg\" alt=\"\" id=\"BLOGGER_PHOTO_ID_5292161656266778146\" border=\"0\" \/><\/a>Salvando las distancias en el tiempo y en el progreso tecnol\u00f3gico y de todo tipo, lo que est\u00e1 claro es que el consumismo existente en el primer mundo hasta hace bien pocos meses ya se fue. No era sostenible, al menos todav\u00eda en este capitalismo conocido. Y no era sostenible para la clase que se ha convertido por primera vez en la historia de occidente en la m\u00e1s numerosa: La clase media. Jam\u00e1s hab\u00eda visto el primer mundo una clase social mayoritaria, no s\u00f3lo sin escasez de recursos sino tambi\u00e9n con tanto poder adquisitivo. <a onblur=\"try {parent.deselectBloggerImageGracefully();} catch(e) {}\" href=\"http:\/\/4.bp.blogspot.com\/_VIxOq4VLwLE\/SXGJRnFqlPI\/AAAAAAAAAf4\/1KjdN8uAIdU\/s1600-h\/LinenCollarFactoryWorkers.jpg\" target=\"_blank\" rel=\"noopener\"><img decoding=\"async\" style=\"margin: 0pt 0pt 10px 10px; float: right; cursor: pointer; width: 316px; height: 331px;\" src=\"http:\/\/4.bp.blogspot.com\/_VIxOq4VLwLE\/SXGJRnFqlPI\/AAAAAAAAAf4\/1KjdN8uAIdU\/s400\/LinenCollarFactoryWorkers.jpg\" alt=\"\" id=\"BLOGGER_PHOTO_ID_5292161972780569842\" border=\"0\" \/><\/a>Quiz\u00e1s porque la sociedad jam\u00e1s tuvo tanto poder de endeudamiento y tambi\u00e9n tal vez porque las econom\u00edas de los paises desarrollados batieron r\u00e9cords hist\u00f3ricos una y otra vez, de forma c\u00edclica, en la segunda mitad del s. XX y hasta el 2006\/2007.<\/p>\n<p>Ahora toca purgar les excesos, recalentamientos, burbujas, fraudes, eficiencias, especulaciones, incompetencias, abusos, endeudamientos, dilapidaciones, consumos disparatados, etc, etc, etc&#8230; Volveremos, aunque sea parcialmente, al trabajo duro de nuestros abuelos (olvid\u00e9monos ya de las 35 y de las 40 horas semanales), a los alquileres masivos, y a ver a los <span style=\"font-style: italic;\">propietarios<\/span> como las minorias privilegiadas que anta\u00f1o fueron. A <a style=\"font-weight: bold;\" href=\"http:\/\/freshfamilyoffice.blogspot.com\/2008\/10\/pronstico-reservado.html\" target=\"_blank\" rel=\"noopener\">una clase media redimensionada en favor de un aumento de la clase media-baja,<\/a> o lo que siempre llamaron nuestros antepasados clase obrera o trabajadora. Ya no ser\u00e1 habitual que la clase media viaje al caribe de vacaciones gastando el sueldo de un a\u00f1o debido de trabajo, que puede convertirse en un probable subsidio de desempleo; o que cualquier joven mileurista se compre un flamante coche nuevo con muchos caballos y aire acondicionado con el sueldo que ya no ganar\u00e1 en los pr\u00f3ximos cuatro a\u00f1os. Pero el problema no est\u00e1 en perder el trabajo y no poder viajar o comprarse un coche (que tambi\u00e9n). El problema que no hemos sabido identificar en estos a\u00f1os de ceguera expansiva es haber consumido la riqueza producida pasada (ahorros), presente y futura. <a style=\"font-weight: bold;\" href=\"http:\/\/freshfamilyoffice.blogspot.com\/2008\/07\/nos-hemos-gastado-el-futuro.html\" target=\"_blank\" rel=\"noopener\">Nos hemos gastado el futuro<\/a>, malgastado dir\u00eda yo.<span style=\"font-weight: bold;\"> En los pr\u00f3ximos a\u00f1os <\/span><span style=\"font-weight: bold;\">el consumismo nos vendr\u00e1 moderado a cabezazos contra la pared.<\/span><\/p>\n<p><a onblur=\"try {parent.deselectBloggerImageGracefully();} catch(e) {}\" href=\"http:\/\/4.bp.blogspot.com\/_VIxOq4VLwLE\/SXGKA3htzCI\/AAAAAAAAAgI\/0zwW2XeEpFo\/s1600-h\/26_2_Quarry_Workers_2.jpg\" target=\"_blank\" rel=\"noopener\"><img decoding=\"async\" style=\"margin: 0px auto 10px; display: block; text-align: center; cursor: pointer; width: 523px; height: 390px;\" src=\"http:\/\/4.bp.blogspot.com\/_VIxOq4VLwLE\/SXGKA3htzCI\/AAAAAAAAAgI\/0zwW2XeEpFo\/s400\/26_2_Quarry_Workers_2.jpg\" alt=\"\" id=\"BLOGGER_PHOTO_ID_5292162784647040034\" border=\"0\" \/><\/a>Siendo optimistas podemos pensar que quiz\u00e1s estemos comenzando el proceso de superaci\u00f3n de los problemas sist\u00e9micos, (esperemos que as\u00ed sea) pero la sociedad tan s\u00f3lo empieza a sufrir los efectos correctores de la destrucci\u00f3n de riqueza de toda depresi\u00f3n. Una riqueza virtual que hemos consumido est\u00fapidamente en el \u00faltimo par de d\u00e9cadas en busca de una pseudo-felicidad muy malentendida. Podemos por tanto volver en los pr\u00f3ximos a\u00f1os a lo que fueron los Estados del <span style=\"font-style: italic;\">pre-bienestar, el pre-american dream<\/span>. Y esperemos que esta vez no sea necesario salir de una Guerra Mundial para sentar las s\u00f3lidas bases de nuevos excesos.<\/p>\n<blockquote style=\"font-style: italic;\"><p><span style=\"font-weight: bold;\">El insensato que reconoce su insensatez es un sabio. Pero un insensato que se cree sabio es, en verdad, un insensato.<\/span><\/p>\n<p><span id=\"bio\"><a href=\"http:\/\/es.wikipedia.org\/wiki\/Buda_Gautama\" target=\"_blank\" rel=\"noopener\">Sidhartha Gautama<\/a> (<\/span>563 AC-486 AC) Fundador del Budismo.<\/p><\/blockquote>\n<p><\/div>","protected":false},"excerpt":{"rendered":"<p>Seguramente la mayor\u00eda recordemos las batallitas contadas por nuestros abuelos, incluso las que todav\u00eda hoy nos cuentan nuestros padres. En ellas sol\u00edan haber muchas apreturas, vidas dif\u00edciles que forjaron lo que son o fueron nuestros antepasados. Sin embargo, a pesar de todo, la respuesta habitual a la pregunta clave es que aquellos tiempos fueron tambi\u00e9n [&hellip;]<\/p>\n","protected":false},"author":6,"featured_media":0,"comment_status":"open","ping_status":"open","sticky":false,"template":"","format":"standard","meta":{"footnotes":""},"categories":[20],"tags":[],"class_list":["post-22916","post","type-post","status-publish","format-standard","hentry","category-sin-categorizar"],"_links":{"self":[{"href":"https:\/\/clusterfamilyoffice.com\/en\/wp-json\/wp\/v2\/posts\/22916","targetHints":{"allow":["GET"]}}],"collection":[{"href":"https:\/\/clusterfamilyoffice.com\/en\/wp-json\/wp\/v2\/posts"}],"about":[{"href":"https:\/\/clusterfamilyoffice.com\/en\/wp-json\/wp\/v2\/types\/post"}],"author":[{"embeddable":true,"href":"https:\/\/clusterfamilyoffice.com\/en\/wp-json\/wp\/v2\/users\/6"}],"replies":[{"embeddable":true,"href":"https:\/\/clusterfamilyoffice.com\/en\/wp-json\/wp\/v2\/comments?post=22916"}],"version-history":[{"count":0,"href":"https:\/\/clusterfamilyoffice.com\/en\/wp-json\/wp\/v2\/posts\/22916\/revisions"}],"wp:attachment":[{"href":"https:\/\/clusterfamilyoffice.com\/en\/wp-json\/wp\/v2\/media?parent=22916"}],"wp:term":[{"taxonomy":"category","embeddable":true,"href":"https:\/\/clusterfamilyoffice.com\/en\/wp-json\/wp\/v2\/categories?post=22916"},{"taxonomy":"post_tag","embeddable":true,"href":"https:\/\/clusterfamilyoffice.com\/en\/wp-json\/wp\/v2\/tags?post=22916"}],"curies":[{"name":"wp","href":"https:\/\/api.w.org\/{rel}","templated":true}]}}