{"id":22910,"date":"2009-02-03T10:51:00","date_gmt":"2009-02-03T10:51:00","guid":{"rendered":"https:\/\/clusterfamilyoffice.com\/blog\/?p=405"},"modified":"2009-02-03T10:51:00","modified_gmt":"2009-02-03T10:51:00","slug":"do-not-disturbios","status":"publish","type":"post","link":"https:\/\/clusterfamilyoffice.com\/en\/do-not-disturbios\/","title":{"rendered":"Do Not \u00abDisturbios\u00bb."},"content":{"rendered":"<div style=\"text-align: justify;\"><a onblur=\"try {parent.deselectBloggerImageGracefully();} catch(e) {}\" href=\"http:\/\/1.bp.blogspot.com\/_VIxOq4VLwLE\/SYTNXhcUebI\/AAAAAAAAAkE\/6n6YWbDS1xc\/s1600-h\/New_DisneyPrincess_1280x1024.jpg\" target=\"_blank\" rel=\"noopener\"><img decoding=\"async\" style=\"margin: 0pt 10px 10px 0pt; float: left; cursor: pointer; width: 304px; height: 243px;\" src=\"http:\/\/1.bp.blogspot.com\/_VIxOq4VLwLE\/SYTNXhcUebI\/AAAAAAAAAkE\/6n6YWbDS1xc\/s400\/New_DisneyPrincess_1280x1024.jpg\" alt=\"\" id=\"BLOGGER_PHOTO_ID_5297584865692383666\" border=\"0\" \/><\/a>Mucha gente cree que es una exageraci\u00f3n macabra hablar de que en Espa\u00f1a, como en otros pa\u00edses de Europa, puedan verse disturbios callejeros m\u00e1s o menos generalizados en los pr\u00f3ximos a\u00f1os o incluso meses. Algunos ni siquiera soportan oir hablar de ello a pesar de que no lo consideren exagerado. Simplemente prefieren seguir mirando, aunque sea ya desde muy lejos, hacia el a\u00f1orado <a style=\"font-weight: bold;\" href=\"http:\/\/freshfamilyoffice.blogspot.com\/2008\/10\/show-me-money.html\" target=\"_blank\" rel=\"noopener\">Disneylandia<\/a> en el que viv\u00edamos hasta hace un a\u00f1o o dos. Algunos apenas empiezan a sufir en sus carnes (econom\u00edas dom\u00e9sticas) los efectos de la depresi\u00f3n en sus m\u00faltiples formas: Paro, depreciaci\u00f3n inmobiliaria, p\u00e9rdidas en las inversiones financieras, p\u00e9rdidas empresariales, morosidad, descenso dr\u00e1stico de los ingresos familiares, etc.<\/div>\n<div style=\"text-align: justify;\">En Econom\u00eda muy pocas veces el futuro es tan predecible como hoy, y menos cuando tratamos de adivinar lo que suceder\u00e1 a nivel global. Esta vez es muy f\u00e1cil. El paro va a seguir aumentando en el 2009 y m\u00e1s all\u00e1. Las familias van a disponer de menos ingresos y recursos. Se va a trabajar m\u00e1s horas a cambio de menos, y eso con suerte. La virtual clase media volver\u00e1 al mismo or\u00edgen de donde surgi\u00f3: La clase media-baja o trabajadora. Con sus duras dificultades y sus escasas perspectivas de progreso. <a style=\"font-weight: bold;\" href=\"http:\/\/freshfamilyoffice.blogspot.com\/2009\/01\/futuro-en-blanco-y-negro.html\" target=\"_blank\" rel=\"noopener\">Como anta\u00f1o<\/a>.<\/p>\n<p><a onblur=\"try {parent.deselectBloggerImageGracefully();} catch(e) {}\" href=\"http:\/\/2.bp.blogspot.com\/_VIxOq4VLwLE\/SYTHndXq9MI\/AAAAAAAAAjc\/FQeB_srL8xc\/s1600-h\/0179916B.jpg\" target=\"_blank\" rel=\"noopener\"><img decoding=\"async\" style=\"margin: 0px auto 10px; display: block; text-align: center; cursor: pointer; width: 556px; height: 333px;\" src=\"http:\/\/2.bp.blogspot.com\/_VIxOq4VLwLE\/SYTHndXq9MI\/AAAAAAAAAjc\/FQeB_srL8xc\/s400\/0179916B.jpg\" alt=\"\" id=\"BLOGGER_PHOTO_ID_5297578542407283906\" border=\"0\" \/><\/a>El otro d\u00eda hablaba con un empresario acerca de este futuro social negro, y me dec\u00eda: <span style=\"font-style: italic;\">\u00abEn Espa\u00f1a no vamos a escarmentar, la clase media aguantar\u00e1 el chaparr\u00f3n y seguir\u00e1 con sus insanos h\u00e1bitos de producir poco y endeudarse mucho.\u00bb <\/span>Pero va a ser que no. <span style=\"font-weight: bold;\">Esa inercia sembrada en el Estado del Bienestar virtual se va a corregir a golpes.<\/span> Ni la crisis social va a durar uno o dos a\u00f1os, ni vamos a poder subsistir sin cambiar radicalmente nuestra idiosincrasia a base de muchas, much\u00edsimas <span style=\"font-style: italic;\">bajas<\/span>. Y cuando decimos <span style=\"font-style: italic;\">bajas<\/span> nos referimos a empresas que desaparecen del mapa, a patrimonios que se extinguen y a econom\u00edas dom\u00e9sticas modestas que quedan literalmente en la calle. \u00bfY qu\u00e9 va a pasar con estos millones de personas que quedan sin ning\u00fan recurso? No es dif\u00edcil adivinarlo si no escondemos la cabeza debajo del ala. La Ex-clase media y media-baja a quien se le va a extinguir el subsidio de desempleo sin posibilidad de conseguir ning\u00fan otro ingreso, no va a tener m\u00e1s remedio que delinquir, emigrar (a d\u00f3nde?) y al mismo tiempo protestar y evidenciar su malestar. Al principio en forma de manifestaciones y huelgas de todo tipo m\u00e1s o menos organizadas, pero al cabo de unos meses, esa situaci\u00f3n de emergencia social de millones de personas va a derivar en disturbios callejeros e inseguridad ciudadana. La raz\u00f3n nos dice que no puede ser de otro modo el futuro inmediato que tenemos ante nosotros, a pesar de que tengamos querencia a mirar hacia otro lado.<\/p>\n<p><a onblur=\"try {parent.deselectBloggerImageGracefully();} catch(e) {}\" href=\"http:\/\/4.bp.blogspot.com\/_VIxOq4VLwLE\/SYTJVUzQMbI\/AAAAAAAAAjs\/2eS3oxZDf7c\/s1600-h\/Civil_unrest_Lausanne_mp3h8565.jpg\" target=\"_blank\" rel=\"noopener\"><img decoding=\"async\" style=\"margin: 0px auto 10px; display: block; text-align: center; cursor: pointer; width: 563px; height: 374px;\" src=\"http:\/\/4.bp.blogspot.com\/_VIxOq4VLwLE\/SYTJVUzQMbI\/AAAAAAAAAjs\/2eS3oxZDf7c\/s400\/Civil_unrest_Lausanne_mp3h8565.jpg\" alt=\"\" id=\"BLOGGER_PHOTO_ID_5297580429892661682\" border=\"0\" \/><\/a><span><span style=\"font-weight: bold;\">El escenario va a ser un <\/span><span style=\"font-style: italic; font-weight: bold;\">infierno inimaginable<\/span><span style=\"font-weight: bold;\"> para la generaci\u00f3n de j\u00f3venes que todo compraban y ten\u00edan, gracias al cr\u00e9dito y a los ahorros de sus antepasados<\/span>. <\/span>Pero esa ser\u00e1 su visi\u00f3n subjetiva y en realidad vamos hacia un escenario que en pa\u00edses centro y suramericanos conocen bien, o sea ni infierno propiamente dicho ni inimaginable. Una sociedad la de Am\u00e9rica del Sur que ha vivido desde hace muchas d\u00e9cadas sin apenas clase media, con una minoritaria clase bienestante y una mayoritaria clase pobre que lo pasa mal y se busca la vida (que no los lujos) de la mejor manera que sabe. Y ya no hablemos de la sociedad africana, que ni siquiera alcanza el estatus de <span style=\"font-style: italic;\">sociedad<\/span>. En oriente tambi\u00e9n podemos encontrar ejemplos de sociedades con dificultades que est\u00e1n lejos del estado del bienestar occidental que conocemos. Pero quiz\u00e1 es m\u00e1s f\u00e1cil extrapolar nuestro futuro inminente mir\u00e1ndonos en el espejo latinoamericano.<\/p>\n<p><a onblur=\"try {parent.deselectBloggerImageGracefully();} catch(e) {}\" href=\"http:\/\/2.bp.blogspot.com\/_VIxOq4VLwLE\/SYTIU0wA0CI\/AAAAAAAAAjk\/Hay6sDLbGuM\/s1600-h\/165522.jpg\" target=\"_blank\" rel=\"noopener\"><img decoding=\"async\" style=\"margin: 0pt 10px 10px 0pt; float: left; cursor: pointer; width: 280px; height: 293px;\" src=\"http:\/\/2.bp.blogspot.com\/_VIxOq4VLwLE\/SYTIU0wA0CI\/AAAAAAAAAjk\/Hay6sDLbGuM\/s400\/165522.jpg\" alt=\"\" id=\"BLOGGER_PHOTO_ID_5297579321777508386\" border=\"0\" \/><\/a>En general en estos pa\u00edses del sur de Am\u00e9rica la seguridad ciudadana deja mucho que desear. Y no puede ser de otro modo en pa\u00edses donde una mayor\u00eda vive en precario. Podemos mejorar y suavizar la imagen que tengamos de esos pa\u00edses a nuestro antojo antes de compararla con lo que preveemos que va a suceder en Espa\u00f1a. Podemos pensar que nuestra precariedad se va a quedar a medio camino de la situaci\u00f3n actual de cualquier pa\u00eds suramericano, que la recuperaci\u00f3n llegar\u00e1 incluso antes de que lleguemos a ese medio camino. Pero la direcci\u00f3n que hemos tomado es esa y no otra.<\/p>\n<p>Supongo que algunos comentar\u00e9is que es exagerado hablar de disturbios en Espa\u00f1a, pero los conatos iniciados por Grecia o Francia vamos a verlos en nuestras calles sin duda alguna. Es s\u00f3lo cuesti\u00f3n de tiempo.<span style=\"font-weight: bold;\"> Actualmente ya hay en Espa\u00f1a m\u00e1s de 1.000.000 de familias en las que todos sus componentes est\u00e1n en paro, con subsidio o sin \u00e9l<\/span>. Y s\u00f3lo vemos la punta de un iceberg creciente todav\u00eda alimentado por subsidios p\u00fablicos. <a onblur=\"try {parent.deselectBloggerImageGracefully();} catch(e) {}\" href=\"http:\/\/1.bp.blogspot.com\/_VIxOq4VLwLE\/SYTKGuTws4I\/AAAAAAAAAj0\/G8KIy5WGFnU\/s1600-h\/20080313163706-20080313-1128-342-el-debate-8-.-robos-en-el-mercado-de-los-miercoles.-f.jpg\" target=\"_blank\" rel=\"noopener\"><img decoding=\"async\" style=\"margin: 0pt 0pt 10px 10px; float: right; cursor: pointer; width: 140px; height: 200px;\" src=\"http:\/\/1.bp.blogspot.com\/_VIxOq4VLwLE\/SYTKGuTws4I\/AAAAAAAAAj0\/G8KIy5WGFnU\/s400\/20080313163706-20080313-1128-342-el-debate-8-.-robos-en-el-mercado-de-los-miercoles.-f.jpg\" alt=\"\" id=\"BLOGGER_PHOTO_ID_5297581278553486210\" border=\"0\" \/><\/a><span style=\"font-weight: bold;\">Una macabra cuenta atr\u00e1s para despertar de un sue\u00f1o en el que muchos ya nacieron.<\/span>  Eso hace que desconozcan cualquier otro modo de vida, y que el shock vaya a ser mucho m\u00e1s traum\u00e1tico. Esas generaciones intentar\u00e1n revolucionar el mundo in\u00fatilmente (disturbios) en busca de un sue\u00f1o irrepetible, sin ninguna otra referencia de lo que fue el mundo del s. XX antes de que estos j\u00f3venes nacieran. Esta generaci\u00f3n empezar\u00e1 pronto a preguntarse: <span style=\"font-weight: bold;\">\u00bfHay vida m\u00e1s all\u00e1 del cr\u00e9dito? Y la respuesta es S\u00ed, pero mucho peor queridos amigos<\/span>. Bienvenidos al mundo real, <a style=\"font-weight: bold;\" href=\"http:\/\/freshfamilyoffice.blogspot.com\/2009\/01\/feliz-2009-rojo-y-prspero-azul.html\" target=\"_blank\" rel=\"noopener\">se acabaron las p\u00edldoras azules<\/a>.<\/p>\n<p>El shock que causa esta depresi\u00f3n en los j\u00f3venes de la generaci\u00f3n del cr\u00e9dito no mejora las posibilidades ni el timing para la recuperaci\u00f3n global, sino al contrario. Y los efectos de este escenario en los patrimonios medios y mayores se evidencian d\u00eda tras d\u00eda si realizamos honestamente y con rigor el <a style=\"font-weight: bold;\" href=\"http:\/\/freshfamilyoffice.blogspot.com\/2008\/12\/who-moved-my-value.html\" target=\"_blank\" rel=\"noopener\">c\u00e1lculo de la evoluci\u00f3n patrimonial<\/a> en el escenario pasado, actual y futuro.<\/div>","protected":false},"excerpt":{"rendered":"<p>Mucha gente cree que es una exageraci\u00f3n macabra hablar de que en Espa\u00f1a, como en otros pa\u00edses de Europa, puedan verse disturbios callejeros m\u00e1s o menos generalizados en los pr\u00f3ximos a\u00f1os o incluso meses. Algunos ni siquiera soportan oir hablar de ello a pesar de que no lo consideren exagerado. Simplemente prefieren seguir mirando, aunque [&hellip;]<\/p>\n","protected":false},"author":6,"featured_media":0,"comment_status":"open","ping_status":"open","sticky":false,"template":"","format":"standard","meta":{"footnotes":""},"categories":[20],"tags":[],"class_list":["post-22910","post","type-post","status-publish","format-standard","hentry","category-sin-categorizar"],"_links":{"self":[{"href":"https:\/\/clusterfamilyoffice.com\/en\/wp-json\/wp\/v2\/posts\/22910","targetHints":{"allow":["GET"]}}],"collection":[{"href":"https:\/\/clusterfamilyoffice.com\/en\/wp-json\/wp\/v2\/posts"}],"about":[{"href":"https:\/\/clusterfamilyoffice.com\/en\/wp-json\/wp\/v2\/types\/post"}],"author":[{"embeddable":true,"href":"https:\/\/clusterfamilyoffice.com\/en\/wp-json\/wp\/v2\/users\/6"}],"replies":[{"embeddable":true,"href":"https:\/\/clusterfamilyoffice.com\/en\/wp-json\/wp\/v2\/comments?post=22910"}],"version-history":[{"count":0,"href":"https:\/\/clusterfamilyoffice.com\/en\/wp-json\/wp\/v2\/posts\/22910\/revisions"}],"wp:attachment":[{"href":"https:\/\/clusterfamilyoffice.com\/en\/wp-json\/wp\/v2\/media?parent=22910"}],"wp:term":[{"taxonomy":"category","embeddable":true,"href":"https:\/\/clusterfamilyoffice.com\/en\/wp-json\/wp\/v2\/categories?post=22910"},{"taxonomy":"post_tag","embeddable":true,"href":"https:\/\/clusterfamilyoffice.com\/en\/wp-json\/wp\/v2\/tags?post=22910"}],"curies":[{"name":"wp","href":"https:\/\/api.w.org\/{rel}","templated":true}]}}