{"id":22897,"date":"2008-11-21T00:01:00","date_gmt":"2008-11-21T00:01:00","guid":{"rendered":"https:\/\/clusterfamilyoffice.com\/blog\/?p=437"},"modified":"2008-11-21T00:01:00","modified_gmt":"2008-11-21T00:01:00","slug":"boquerones-fritos-ii","status":"publish","type":"post","link":"https:\/\/clusterfamilyoffice.com\/en\/boquerones-fritos-ii\/","title":{"rendered":"Boquerones Fritos (II)"},"content":{"rendered":"<div style=\"text-align: justify;\">Me parece que la publicaci\u00f3n como posts de comentarios a algunos de nuestros art\u00edculos, se puede producir con cierta periodicidad dado su alto nivel. La prueba es que cada vez recibimos m\u00e1s y mejores comentarios, bien redactados y con una calidad de contenidos que me resisto a publicarlos simplemente a colaci\u00f3n de un art\u00edculo. Al fin y al cabo esa debe ser la esencia de un blog. As\u00ed pues, vamos a hacer otro<span style=\"font-style: italic;\"> copy\/paste <\/span>de un comentario, <span style=\"font-weight: bold;\">tambi\u00e9n an\u00f3nimo,<\/span> al art\u00edculo <a href=\"http:\/\/www.rankia.com\/blog\/familyoffice\/2008\/11\/boquerones-fritos.html\" target=\"_blank\" rel=\"noopener\">Boquerones Fritos<\/a>, que seg\u00fan nuestro criterio merece un espacio como post. A pesar de que no tenga el mismo origen ni opini\u00f3n, y ya que esta vez el autor no le ha puesto t\u00edtulo, vamos a ponerle el mismo que el primer comentario que publicamos: Boquerones Fritos (II). Que lo disfrut\u00e9is tanto como yo lo he hecho:<\/div>\n<div style=\"text-align: justify;\"><a onblur=\"try {parent.deselectBloggerImageGracefully();} catch(e) {}\" href=\"http:\/\/4.bp.blogspot.com\/_VIxOq4VLwLE\/SSWgzabjFVI\/AAAAAAAAAYE\/cfuDpiSWslU\/s1600-h\/keynes.jpg\" target=\"_blank\" rel=\"noopener\"><img decoding=\"async\" style=\"margin: 0pt 10px 10px 0pt; float: left; cursor: pointer; width: 316px; height: 380px;\" src=\"http:\/\/4.bp.blogspot.com\/_VIxOq4VLwLE\/SSWgzabjFVI\/AAAAAAAAAYE\/cfuDpiSWslU\/s400\/keynes.jpg\" alt=\"\" id=\"BLOGGER_PHOTO_ID_5270795744035673426\" border=\"0\" \/><\/a><span style=\"font-style: italic;\">\u00abMuy bueno el post de este keynesiano desconocido, aunque coincido tambi\u00e9n en muchas cosas con dalamar. Y, por otra parte, me deja conmovido el participante an\u00f3nimo que ha quedado en paro, como representante de millones de personas en las que hay verdaderamente que pensar desde que nos levantamos cada d\u00eda. <\/span> <span style=\"font-style: italic;\">Estamos en un momento de conmoci\u00f3n y hay que salir como sea. No podemos dejar hundir al sistema financiero, mal que nos pese, y tampoco podemos andar pele\u00e1ndonos con recetas dogm\u00e1ticas, ya sean keynesianas o de Hayek. La econom\u00eda se rige m\u00e1s por la teor\u00eda del caos que por las matem\u00e1ticas cl\u00e1sicas; no es previsible tan f\u00e1cilmente como muchos se creen. Si no, \u00bfpor qu\u00e9 fallaron primero keynesianos, que despu\u00e9s de tres d\u00e9cadas de \u00e9xito no pudieron luchar contra la inflaci\u00f3n? (la famosa estanflaci\u00f3n). Y luego, ojo, despu\u00e9s de dos d\u00e9cadas de \u00e9xitos neoliberales, de aqu\u00e9llos que se presentaron como salvadores eternos contra la estanflaci\u00f3n \u00bfc\u00f3mo es que ahora se ven ellos en otra estanflaci\u00f3n m\u00e1s catastr\u00f3fica que la primera y mezclada con una feroz debacle financiera? <\/span> <span style=\"font-style: italic;\">Y aqu\u00ed no acaba la cosa. Ya lo he puesto en algunos post a otros art\u00edculos. Lo grave de la situaci\u00f3n econ\u00f3mica no es la actual crisis, que m\u00e1s bien parece enviada por alguien que dice: les voy a parar la econom\u00eda por \u00faltima vez para que piensen; les doy la \u00faltima oportunidad de que razonen que el dinero no es la aut\u00e9ntica riqueza, sino una convenci\u00f3n humana que se crea y se destruye (los conglomerados que Family Office nos explica tan estupendamente, mediante los que se crea el dinero). La riqueza verdadera son los bienes naturales, la energ\u00eda, las materias primas, las especies vivas, el clima de La Tierra, de las que parte toda econom\u00eda, y que si desaparecen, nos har\u00e1n desaparecer a todos. <\/span><a onblur=\"try {parent.deselectBloggerImageGracefully();} catch(e) {}\" href=\"http:\/\/1.bp.blogspot.com\/_VIxOq4VLwLE\/SSWiCqXPV8I\/AAAAAAAAAYM\/y43dDvuGo5w\/s1600-h\/1523441032_l.jpg\" target=\"_blank\" rel=\"noopener\"><img decoding=\"async\" style=\"margin: 0pt 10px 10px 0pt; float: left; cursor: pointer; width: 322px; height: 322px;\" src=\"http:\/\/1.bp.blogspot.com\/_VIxOq4VLwLE\/SSWiCqXPV8I\/AAAAAAAAAYM\/y43dDvuGo5w\/s400\/1523441032_l.jpg\" alt=\"\" id=\"BLOGGER_PHOTO_ID_5270797105522235330\" border=\"0\" \/><\/a><span style=\"font-style: italic;\">Somos 6.600 millones de habitantes en crecimiento exponencial y vamos a m\u00e1s velocidad que la naturaleza, as\u00ed que es la propia naturaleza la que nos va a parar en seco en una o dos d\u00e9cadas y ya no habr\u00e1 soluci\u00f3n econ\u00f3mica ni financiera.<\/span> <span style=\"font-style: italic;\">Pongamos ahora, s\u00ed, medidas keyesianas que reactiven los sectores productivos, pero no simplemente en obras p\u00fablicas, que tampoco es que le fueran tan bien a Roosevelt con su New Deal (tristemente, le fueron mejor a Hitler, con su ministro Schacht: sus obras p\u00fablicas y sus armamentos dieron trabajo a 6 millones de parados, pero s\u00f3lo para luego matar a media Europa), sino que reactivemos el sector de la energ\u00eda que nos prevendr\u00e1 de crisis inflacionistas petrol\u00edferas y nos dar\u00e1 independencia energ\u00e9tica. El petr\u00f3leo va en declive y encima calienta peligrosamente el planeta; invirtamos en placas solares (fabricarlas, instalarlas, mantenerlas), en aerogeneradores, en el hidr\u00f3geno, en aprovechar la energ\u00eda del mar, etc., etc. y ayudemos a crear negocios y empleo en estos sectores. Ampli\u00e9moslos a la gesti\u00f3n de residuos, las depuradoras verdes, las desaladoras de energ\u00eda alternativa, y a crear servicios, m\u00e1s que productos, que se comen los recursos naturales. Y pensemos tambi\u00e9n en el resto del mundo que est\u00e1 pugnando con todo derecho llegar a tener nuestro bienestar, ayud\u00e9mosles a que entren en la senda viable y no en la nuestra, que ya sabemos que no funciona a largo plazo y que acelerar\u00e1 nuestra autodestrucci\u00f3n.<\/span> <span style=\"font-style: italic;\">Hagamos todo esto (controlando s\u00ed la inflaci\u00f3n, el equilibrio ahorro\/inversi\u00f3n, el d\u00e9ficit p\u00fablico, huyamos del proteccionismo), pero hagamos todo esto sin dejar pasar m\u00e1s tiempo. No quedan sino un par de d\u00e9cadas y nuestros hijos y nietos ya est\u00e1n aqu\u00ed rogando que no permitamos llegar a esa gran tribulaci\u00f3n. Cuando a Keynes le dec\u00edan que hab\u00eda que confiar en el largo plazo de los neoliberales, \u00e9l dec\u00eda: \u00aba largo plazo todos estamos muertos\u00bb. <\/span>\u00ab<\/div>","protected":false},"excerpt":{"rendered":"<p>Me parece que la publicaci\u00f3n como posts de comentarios a algunos de nuestros art\u00edculos, se puede producir con cierta periodicidad dado su alto nivel. La prueba es que cada vez recibimos m\u00e1s y mejores comentarios, bien redactados y con una calidad de contenidos que me resisto a publicarlos simplemente a colaci\u00f3n de un art\u00edculo. Al [&hellip;]<\/p>\n","protected":false},"author":6,"featured_media":0,"comment_status":"open","ping_status":"open","sticky":false,"template":"","format":"standard","meta":{"footnotes":""},"categories":[20],"tags":[],"class_list":["post-22897","post","type-post","status-publish","format-standard","hentry","category-sin-categorizar"],"_links":{"self":[{"href":"https:\/\/clusterfamilyoffice.com\/en\/wp-json\/wp\/v2\/posts\/22897","targetHints":{"allow":["GET"]}}],"collection":[{"href":"https:\/\/clusterfamilyoffice.com\/en\/wp-json\/wp\/v2\/posts"}],"about":[{"href":"https:\/\/clusterfamilyoffice.com\/en\/wp-json\/wp\/v2\/types\/post"}],"author":[{"embeddable":true,"href":"https:\/\/clusterfamilyoffice.com\/en\/wp-json\/wp\/v2\/users\/6"}],"replies":[{"embeddable":true,"href":"https:\/\/clusterfamilyoffice.com\/en\/wp-json\/wp\/v2\/comments?post=22897"}],"version-history":[{"count":0,"href":"https:\/\/clusterfamilyoffice.com\/en\/wp-json\/wp\/v2\/posts\/22897\/revisions"}],"wp:attachment":[{"href":"https:\/\/clusterfamilyoffice.com\/en\/wp-json\/wp\/v2\/media?parent=22897"}],"wp:term":[{"taxonomy":"category","embeddable":true,"href":"https:\/\/clusterfamilyoffice.com\/en\/wp-json\/wp\/v2\/categories?post=22897"},{"taxonomy":"post_tag","embeddable":true,"href":"https:\/\/clusterfamilyoffice.com\/en\/wp-json\/wp\/v2\/tags?post=22897"}],"curies":[{"name":"wp","href":"https:\/\/api.w.org\/{rel}","templated":true}]}}