{"id":22851,"date":"2008-07-21T08:33:00","date_gmt":"2008-07-21T08:33:00","guid":{"rendered":"https:\/\/clusterfamilyoffice.com\/blog\/?p=484"},"modified":"2008-07-21T08:33:00","modified_gmt":"2008-07-21T08:33:00","slug":"el-verano-del-nazareno","status":"publish","type":"post","link":"https:\/\/clusterfamilyoffice.com\/en\/el-verano-del-nazareno\/","title":{"rendered":"El verano del Nazareno."},"content":{"rendered":"<div style=\"text-align: justify;\">El otro d\u00eda hablaba con un amigo y a la vez prestigioso abogado penalista de Barcelona. Me contaba que <span style=\"font-weight: bold;\">en el primer trimestre<\/span> del a\u00f1o en su bufete ya hab\u00edan superado el n\u00famero de casos de situaciones concursales de <span style=\"font-weight: bold;\">todo el a\u00f1o 2007<\/span>. Y que en el segundo trimestre la tendencia hab\u00eda sido a\u00fan m\u00e1s ascendente. Me comentaba tambi\u00e9n que muchos de sus clientes que ten\u00edan socios estables desde hace muchos a\u00f1os, se encontraban hoy litigando entre ellos por diversos motivos. Diversos, s\u00ed, pero siempre econ\u00f3micos. L\u00f3gicamanete las apreturas financieras en una empresa ponen a prueba la solidez de la relaci\u00f3n entre los socios de una forma dram\u00e1tica. Y muchas sociedades estables durante a\u00f1os se hacen a\u00f1icos sangrantes cuando los n\u00fameros rojos comienzan a afectar seriamente a los bolsillos de los socios.<\/div>\n<div style=\"text-align: justify;\"><a onblur=\"try {parent.deselectBloggerImageGracefully();} catch(e) {}\" href=\"http:\/\/www.rankia.com\/blog\/familyoffice\/uploaded_images\/box-b&amp;w-735704.jpg\" target=\"_blank\" rel=\"noopener\"><img decoding=\"async\" style=\"margin: 0px auto 10px; display: block; text-align: center; cursor: pointer; width: 373px; height: 238px;\" src=\"http:\/\/www.rankia.com\/blog\/familyoffice\/uploaded_images\/box-b&amp;w-735698.jpg\" alt=\"\" border=\"0\" \/><\/a>\u00abSocios serios, cultos y de alto nivel se sacan los ojos ante los tribunales por dinero\u00bb. Me comentaba con un tono escalofriante \u00e9ste prestigioso abogado. Efectivamente, los organigramas de las c\u00fapulas directivas empresariales echan humo en tiempos de p\u00e9rdidas. Y llegar a una situaci\u00f3n concursal es siempre traum\u00e1tico. Supone, en la mayor\u00eda de casos, ruptura de relaciones internas, decapitaciones directivas, ejecutivas, pu\u00f1aladas traperas accionariales y por supuesto reducciones de plantillas con el derrumbe de la relaci\u00f3n patronal\/empleados, si es que \u00e9sta exist\u00eda.<\/p>\n<p><a onblur=\"try {parent.deselectBloggerImageGracefully();} catch(e) {}\" href=\"http:\/\/www.rankia.com\/blog\/familyoffice\/uploaded_images\/quiebra.flecha.inmobiliarias-733986.jpg\" target=\"_blank\" rel=\"noopener\"><img decoding=\"async\" style=\"margin: 0pt 10px 10px 0pt; float: left; cursor: pointer; width: 123px; height: 164px;\" src=\"http:\/\/www.rankia.com\/blog\/familyoffice\/uploaded_images\/quiebra.flecha.inmobiliarias-733979.jpg\" alt=\"\" border=\"0\" \/><\/a>Seg\u00fan me comenta mi amigo de este importante bufete de Barcelona, jam\u00e1s hab\u00edan visto un desplome empresarial y un auge concursal como el presente. Tanto es as\u00ed que han tenido que adaptar su estructura interna y sus RR.HH. a esta avalancha de fallidas empresariales cuya remisi\u00f3n est\u00e1 lejos de vislumbrarse.<\/p>\n<p>Hablando adem\u00e1s con otro amigo, esta vez fiscalista, me comenta que tiene muchos (y cuando digo muchos quiero decir exactamente eso) clientes con empresas que est\u00e1n esperando el cierre vacacional para ya no abrir sus puertas en septiembre. Que va a ser una pr\u00e1ctica masiva. O sea, que las cifras de paro despu\u00e9s del verano, no s\u00f3lo se van a disparar por el fin de temporada tradicional en el sector de servicios (restauraci\u00f3n, hosteler\u00eda, etc.), sino tambi\u00e9n por los miles de trabajadores que quedar\u00e1n en la calle cuando aterricen de sus vacaciones pagaderas en <span style=\"font-style: italic;\">c\u00f3modos plazos <\/span><span><span style=\"font-style: italic;\">con todo incluido<\/span>, hasta el despido<\/span><span style=\"font-style: italic;\">.<\/span><\/p>\n<p>\u00bfSoportar\u00e1n las econom\u00edas familiares de estos trabajadores la ausencia o la reducci\u00f3n de uno de los sueldos cuando el subsidio de desempleo llegue a su fin? Mayoritariamente no. Los niveles de endeudamiento crediticio suelen ser tan asfixiantes que cualquier incidencia en sus ingresos laborales desmorona el d\u00e9bil equilibrio de sus econom\u00edas dom\u00e9sticas.<\/p>\n<p><a onblur=\"try {parent.deselectBloggerImageGracefully();} catch(e) {}\" href=\"http:\/\/www.rankia.com\/blog\/familyoffice\/uploaded_images\/penitente2az-762123.jpg\" target=\"_blank\" rel=\"noopener\"><img decoding=\"async\" style=\"margin: 0px auto 10px; display: block; text-align: center; cursor: pointer; width: 348px; height: 237px;\" src=\"http:\/\/www.rankia.com\/blog\/familyoffice\/uploaded_images\/penitente2az-762068.jpg\" alt=\"\" border=\"0\" \/><\/a>Ante esta aumento masivo de situaciones concursales <span style=\"font-style: italic;\">pre-<\/span> y, sobre todo <span style=\"font-style: italic;\">post-<\/span>vacacionales, me viene a la memoria el cl\u00e1sico <a href=\"http:\/\/es.wikipedia.org\/wiki\/Timo_del_nazareno\" target=\"_blank\" rel=\"noopener\">Timo del Nazareno<\/a>:<\/p>\n<blockquote>\n<p>Consiste en el establecimiento de una empresa mercantil, preferentemente una sociedad de responsabilidad limitada, que comienza a efectuar compras a diversos proveedores, abonando en un principio las primeras adquisiciones en efectivo, hasta que consigue obtener la confianza de aquellos. A partir de ese instante se realizan compras de mayor cuant\u00eda, utilizando como forma de pago letras de cambio y pagar\u00e9s, domiciliados contra cuentas bancarias sin actividad, mientras que la mercanc\u00eda, antes de la fecha del vencimiento de su pago, es revendida a mitad del precio o simplemente deslocalizada, resultando impagados los efectos al ser presentados al cobro.<\/p>\n<p>La denominaci\u00f3n de timo del <span style=\"font-weight: bold;\">Nazareno<\/span> procede de la \u00abcola\u00bb de deudores que provoca este tipo de estafas, que, al igual que los penitentes, acuden a las entidades bancarias a intentar hacer efectivos los pagar\u00e9s y letras librados por los presuntos estafadores.<\/p>\n<\/blockquote>\n<p>Pero por supuesto salvando importantes diferencias: El empresario que ya no va a abrir sus puertas en septiembre no lo hace por af\u00e1n timador sino por accidente contable; y no es un suceso premeditado sino una medida lamentable fruto de la crisis y\/o de la negligencia en la gesti\u00f3n empresarial. De lo que no estoy tan seguro es de que antes del cierre de persiana, los empresarios no hayan hecho lo posible por minimizar los activos residuales que van a tener que hacer frente al concurso de acreedores. Pr\u00e1ctica que, por otro lado, me parece muy comprensible. Evidentemente, el rastro de acreedores en pena que dejar\u00e1n tras de s\u00ed, tanto los empresarios como los timadores, ser\u00e1 digno del nombre de Nazareno.<\/p>\n<p><a onblur=\"try {parent.deselectBloggerImageGracefully();} catch(e) {}\" href=\"http:\/\/www.rankia.com\/blog\/familyoffice\/uploaded_images\/dominobis-765418.jpg\" target=\"_blank\" rel=\"noopener\"><img decoding=\"async\" style=\"margin: 0px auto 10px; display: block; text-align: center; cursor: pointer; width: 425px; height: 319px;\" src=\"http:\/\/www.rankia.com\/blog\/familyoffice\/uploaded_images\/dominobis-765415.jpg\" alt=\"\" border=\"0\" \/><\/a>La l\u00ednea entre los timadores del Nazareno y los empresarios que realizan compras que vender\u00e1n parcialmente o no y que jam\u00e1s van a poder pagar, en estos tiempos de crisis, cada vez es m\u00e1s delgada. Pero lo preocupante es que, haya mala o buena fe, los penitentes nazarenos van a ir aumentando las largas colas de acreedores en un dram\u00e1tico efecto domin\u00f3.<\/div>","protected":false},"excerpt":{"rendered":"<p>El otro d\u00eda hablaba con un amigo y a la vez prestigioso abogado penalista de Barcelona. Me contaba que en el primer trimestre del a\u00f1o en su bufete ya hab\u00edan superado el n\u00famero de casos de situaciones concursales de todo el a\u00f1o 2007. Y que en el segundo trimestre la tendencia hab\u00eda sido a\u00fan m\u00e1s [&hellip;]<\/p>\n","protected":false},"author":6,"featured_media":0,"comment_status":"open","ping_status":"open","sticky":false,"template":"","format":"standard","meta":{"footnotes":""},"categories":[20],"tags":[],"class_list":["post-22851","post","type-post","status-publish","format-standard","hentry","category-sin-categorizar"],"_links":{"self":[{"href":"https:\/\/clusterfamilyoffice.com\/en\/wp-json\/wp\/v2\/posts\/22851","targetHints":{"allow":["GET"]}}],"collection":[{"href":"https:\/\/clusterfamilyoffice.com\/en\/wp-json\/wp\/v2\/posts"}],"about":[{"href":"https:\/\/clusterfamilyoffice.com\/en\/wp-json\/wp\/v2\/types\/post"}],"author":[{"embeddable":true,"href":"https:\/\/clusterfamilyoffice.com\/en\/wp-json\/wp\/v2\/users\/6"}],"replies":[{"embeddable":true,"href":"https:\/\/clusterfamilyoffice.com\/en\/wp-json\/wp\/v2\/comments?post=22851"}],"version-history":[{"count":0,"href":"https:\/\/clusterfamilyoffice.com\/en\/wp-json\/wp\/v2\/posts\/22851\/revisions"}],"wp:attachment":[{"href":"https:\/\/clusterfamilyoffice.com\/en\/wp-json\/wp\/v2\/media?parent=22851"}],"wp:term":[{"taxonomy":"category","embeddable":true,"href":"https:\/\/clusterfamilyoffice.com\/en\/wp-json\/wp\/v2\/categories?post=22851"},{"taxonomy":"post_tag","embeddable":true,"href":"https:\/\/clusterfamilyoffice.com\/en\/wp-json\/wp\/v2\/tags?post=22851"}],"curies":[{"name":"wp","href":"https:\/\/api.w.org\/{rel}","templated":true}]}}