{"id":22778,"date":"2007-07-24T15:52:00","date_gmt":"2007-07-24T15:52:00","guid":{"rendered":"https:\/\/clusterfamilyoffice.com\/blog\/?p=588"},"modified":"2007-07-24T15:52:00","modified_gmt":"2007-07-24T15:52:00","slug":"nuestra-economia-necesita-la-inmigracion","status":"publish","type":"post","link":"https:\/\/clusterfamilyoffice.com\/en\/nuestra-economia-necesita-la-inmigracion\/","title":{"rendered":"\u00bfNuestra econom\u00eda necesita la inmigraci\u00f3n?"},"content":{"rendered":"<div style=\"text-align: justify;\">Vaya por delante que este post no pretende ser m\u00e1s que un apunte para hacer un par de reflexiones acerca de un tema tan complejo como la inmigraci\u00f3n y sus efectos sobre nuestra econom\u00eda. Este flujo <span class=\"blsp-spelling-error\" id=\"SPELLING_ERROR_0\">descontrolado<\/span> es un hecho y adem\u00e1s las cifras de crecimiento son tan sorprendentemente crecientes como las mism\u00edsimas cifras econ\u00f3micas chinas. A mi entender, la inmigraci\u00f3n es una forma m\u00e1s del <a href=\"http:\/\/www.rankia.com\/blog\/familyoffice\/2007\/07\/warren-buffett-en-su-mejor-momento.html\" target=\"_blank\" rel=\"noopener\">reparto mundial de la riqueza<\/a> que se realiza de forma involuntaria, nos guste o no a los habitantes del primer mundo. Tampoco pretendemos juzgar la conveniencia o inconveniencia del actual flujo migratorio que, por otra parte, es inevitable.<\/div>\n<div style=\"text-align: justify;\">Los pobres huyen de sus pa\u00edses para <span class=\"blsp-spelling-corrected\" id=\"SPELLING_ERROR_1\">beneficiarse<\/span> del bienestar existente en otros lugares del planeta. Hasta aqu\u00ed comprensible y adem\u00e1s de dif\u00edcil control dada la <span class=\"blsp-spelling-error\" id=\"SPELLING_ERROR_2\">globalizaci\u00f3n<\/span> existente tambi\u00e9n en lo referente a demograf\u00eda. Si adem\u00e1s la recepci\u00f3n de dicha poblaci\u00f3n beneficiase a l<a onblur=\"try {parent.deselectBloggerImageGracefully();} catch(e) {}\" href=\"http:\/\/noincineraciontenerife.com\/album\/images_noticias\/inmigrantes.jpg\" target=\"_blank\" rel=\"noopener\"><img decoding=\"async\" style=\"margin: 0pt 10px 10px 0pt; float: left; cursor: pointer; width: 446px; height: 293px;\" src=\"http:\/\/noincineraciontenerife.com\/album\/images_noticias\/inmigrantes.jpg\" alt=\"\" border=\"0\" \/><\/a>a econom\u00eda desarrollada se cerrar\u00eda un <a href=\"http:\/\/www.rankia.com\/blog\/familyoffice\/2007\/06\/alea-baraka-ynq-luck-suerte-efecto.html\" target=\"_blank\" rel=\"noopener\">efecto <span class=\"blsp-spelling-error\" id=\"SPELLING_ERROR_3\">cluster<\/span><\/a> de sinergias positivas. Es decir, no s\u00f3lo se <span class=\"blsp-spelling-corrected\" id=\"SPELLING_ERROR_4\">tender\u00eda<\/span> a igualar las diferencias econ\u00f3micas entre pa\u00edses, mediante los <span class=\"blsp-spelling-error\" id=\"SPELLING_ERROR_5\">cashflows<\/span> que siempre van de pa\u00eds rico a pa\u00eds pobre en forma de sueldos enviados a las familias que quedaron en <span class=\"blsp-spelling-corrected\" id=\"SPELLING_ERROR_6\">origen<\/span>, sino que tambi\u00e9n hay quien sostiene la teor\u00eda de que la incorporaci\u00f3n de mano de obra barata ayuda al crecimiento del primer mundo. Efectivamente muchos economistas pol\u00edticamente correctos nos quieren convencer de que gracias a esta masa de poblaci\u00f3n procedente del tercer mundo nuestro sistema de cotizaci\u00f3n a la Seguridad Social puede ingresar lo suficiente, se cubren puestos de trabajo de baja remuneraci\u00f3n que los nativos no querr\u00edan cubrir, etc.<\/p>\n<p>Personalmente veo las cosas de distinta manera y estoy, modestamente, m\u00e1s en la linea del Doctor en Econom\u00eda por la Universidad de <span class=\"blsp-spelling-error\" id=\"SPELLING_ERROR_7\">Harvard<\/span> <a href=\"http:\/\/es.wikipedia.org\/wiki\/Xavier_Sala_i_Mart%C3%ADn\" target=\"_blank\" rel=\"noopener\"><span class=\"blsp-spelling-error\" id=\"SPELLING_ERROR_8\">Xavier<\/span> Sala i Mart\u00edn<\/a>. Seg\u00fan este eminente sabio de nuestro tiempo la incorporaci\u00f3n masiva de mano de obra barata al primer mundo provoca diversas problem\u00e1ticas estrictamente econ\u00f3micas, entre ellas el freno en el avance tecnol\u00f3gico. Sin ir m\u00e1s lejos, muchos municipios espa\u00f1oles prefieren volver a contratar brigadas de inmigrantes para barrer las calles que seguir adquiriendo veh\u00edculos especiales que realizan esta labor de barrido y limpieza de cunetas, bordillos y aceras metropolitanas. Es significativamente m\u00e1s barato contratar equipos humanos de barrenderos a los que tan s\u00f3lo hay que pagarles una primitiva escoba y un sueldo miserable, que financiar veh\u00edculos <span class=\"blsp-spelling-error\" id=\"SPELLING_ERROR_9\">ultramodernos<\/span> que realicen el mismo trabajo con un s\u00f3lo operario cualificado. Sin duda estamos ante una regresi\u00f3n tecnol\u00f3gica peligrosa que disminuye, a su vez, la facturaci\u00f3n de empresas como la del ejemplo que comercializa dichos veh\u00edculos y por lo tanto frena su I+D. Encontrar\u00edamos multitud de casos y sectores diversos de regresi\u00f3n en el avance tecnol\u00f3gico para volver a la contrataci\u00f3n humana con sueldos que s\u00f3lo permiten malvivir hacinados en pisos patera. No obstante lo que a nuestros ojos es inaceptable, supone una mejora de las condiciones de vida de las que huyeron en <span class=\"blsp-spelling-corrected\" id=\"SPELLING_ERROR_10\">origen<\/span> y que les permite enviar ayudas vitales a sus familias.<\/p>\n<p>Hay quien <a onblur=\"try {parent.deselectBloggerImageGracefully();} catch(e) {}\" href=\"http:\/\/alt1040.com\/wp-content\/uploads\/2006\/05\/inmigration_built_nation.jpg\" target=\"_blank\" rel=\"noopener\"><img decoding=\"async\" style=\"margin: 0pt 10px 10px 0pt; float: left; cursor: pointer; width: 160px; height: 171px;\" src=\"http:\/\/alt1040.com\/wp-content\/uploads\/2006\/05\/inmigration_built_nation.jpg\" alt=\"\" border=\"0\" \/><\/a>alega que los puestos de trabajo con baja remuneraci\u00f3n no los querr\u00eda cubrir la poblaci\u00f3n aut\u00f3ctona y quedar\u00edan desiertos, con la consiguiente precariedad en algunos servicios comunitarios. Craso error. Simplemente los empresarios o el Estado se ver\u00edan obligados a aumentar dichas remuneraciones hasta hacer atractivos para los nativos dichos puestos de trabajo. Como siempre la eficiencia del mercado de oferta y demanda regular\u00eda nuestra realidad cotidiana. Lo que est\u00e1 claro es que los puestos de trabajo no quedar\u00edan vacantes, simplemente la remuneraci\u00f3n se ajustar\u00eda de forma adecuada al nivel de vida de nuestra sociedad.<\/p>\n<p>En cuanto al beneficio para las arcas de nuestra Seguridad Social mediante las cotizaciones de los inmigrantes, es muy probable que a medio plazo resulte deficitario respecto al gasto sanitario que dicho sector de poblaci\u00f3n genera.<\/p>\n<p>Podr\u00edamos hacer otras consideraciones no econ\u00f3micas como el dr\u00e1stico descenso del nivel acad\u00e9mico medio de nuestras escuelas p\u00fablicas debido a la incorporaci\u00f3n de ni\u00f1os y ni\u00f1as con serias dificultades de lenguaje y\/o que jam\u00e1s hab\u00edan sido escolarizados. O que la precariedad econ\u00f3mica en la que se ve inmersa una parte de dicha poblaci\u00f3n inmigrante los conduce inevitablemente a <span class=\"blsp-spelling-error\" id=\"SPELLING_ERROR_11\">delinquir<\/span>, con el consiguiente aumento de la inseguridad ciudadana en los pa\u00edses receptores de m\u00e1s inmigraci\u00f3n. Pero esos ser\u00edan perjuicios sociales y no estrictamente econ\u00f3micos.<\/p>\n<p>No quisiera de ning\u00fan modo que este post diese una imagen xen\u00f3foba o racista, ni siquiera clasista, ya que nada est\u00e1 m\u00e1s lejos de mi idiosincrasia. De hecho considero <span class=\"blsp-spelling-error\" id=\"SPELLING_ERROR_12\">qu<\/span><a onblur=\"try {parent.deselectBloggerImageGracefully();} catch(e) {}\" href=\"http:\/\/www.unfpa.org\/swp\/2006\/presskit\/images\/Page_36.jpg\" target=\"_blank\" rel=\"noopener\"><img decoding=\"async\" style=\"margin: 0pt 0pt 10px 10px; float: right; cursor: pointer; width: 431px; height: 288px;\" src=\"http:\/\/www.unfpa.org\/swp\/2006\/presskit\/images\/Page_36.jpg\" alt=\"\" border=\"0\" \/><\/a>e si analizamos la problem\u00e1tica de la pobreza desde un punto de vista global, no s\u00f3lo es justo que los pa\u00edses ricos frenen su crecimiento en beneficio de los pa\u00edses del tercer mundo, sino que tambi\u00e9n es solidario y \u00e9ticamente necesario. Un sensible empobrecimiento de occidente en forma de reparto de riqueza hacia el tercer mundo ser\u00eda, cuando menos, algo justo, aunque intuyo que quiz\u00e1s ser\u00eda peligroso para el crecimiento global. Pero si hacemos un an\u00e1lisis desde un punto de vista ego\u00edsta y mirando tan s\u00f3lo por los intereses del mundo occidental, la inmigraci\u00f3n masiva es claramente perjudicial para el mantenimiento del bienestar y crecimiento econ\u00f3mico existente.<\/p>\n<p>Estamos hablando de hechos que la correcci\u00f3n pol\u00edtica pretende distorsionar maquillando los efectos negativos de la inmigraci\u00f3n en el sistema econ\u00f3mico de los pa\u00edses desarrollados. Quiz\u00e1s sea porque los inmigrantes son votos potenciales o porque simplemente intentar ir contra esta tendencia es como poner puertas al campo.<\/p>\n<p>Pero los hechos y cifras econ\u00f3micas dan la raz\u00f3n a las tesis del eminente <span class=\"blsp-spelling-error\" id=\"SPELLING_ERROR_13\">Xavier<\/span> Sala i Mart\u00edn. El autor de <a href=\"http:\/\/mitpress.mit.edu\/catalog\/item\/default.asp?tid=9923&amp;ttype=2\" target=\"_blank\" rel=\"noopener\"><span class=\"blsp-spelling-error\" id=\"SPELLING_ERROR_14\">Economic<\/span> <span class=\"blsp-spelling-error\" id=\"SPELLING_ERROR_15\">Growth<\/span><\/a> no s\u00f3lo es una autoridad econ\u00f3mica en la Universidad de <span class=\"blsp-spelling-error\" id=\"SPELLING_ERROR_16\">Columbia<\/span>, en el mism\u00edsimo <span class=\"blsp-spelling-error\" id=\"SPELLING_ERROR_17\">Manhattan<\/span>, donde imparte algunas de sus clases sino que tambi\u00e9n conoce perfectamente la problem\u00e1tica del tercer mundo. No en balde es el fundador y director de la <a href=\"http:\/\/www.umbele.org\/g3war\/bswebs.G3?log:pkid=2&amp;amp;amp;amp;amp;amp;amp;amp;amp;amp;amp;amp;log:company=36&amp;log:contract=1&amp;log:serviceid=1&amp;menukeys=MNU:PRESENTACION&amp;xtd:language=es&amp;pkid=2&amp;amp;amp;amp;amp;amp;amp;amp;amp;amp;amp;amp;idcompany=36&amp;idcontract=1&amp;idservice=1&amp;language=es\" target=\"_blank\" rel=\"noopener\">Fundaci\u00f3n <span class=\"blsp-spelling-error\" id=\"SPELLING_ERROR_18\">Umbele<\/span><\/a>, con una ejemplar estructura administrativa. Vaya desde aqu\u00ed mi admiraci\u00f3n por su trayectoria profesional y filantr\u00f3pica.<\/p>\n<p><a onblur=\"try {parent.deselectBloggerImageGracefully();} catch(e) {}\" href=\"http:\/\/www.jocsinterempreses.com\/2006\/media\/imgUmbeleNens.jpg\" target=\"_blank\" rel=\"noopener\"><img decoding=\"async\" style=\"margin: 0px auto 10px; display: block; text-align: center; cursor: pointer; width: 557px; height: 128px;\" src=\"http:\/\/www.jocsinterempreses.com\/2006\/media\/imgUmbeleNens.jpg\" alt=\"\" border=\"0\" \/><\/a><br \/>Si somos capaces de tener una visi\u00f3n m\u00e1s global y solidaria de la econom\u00eda del planeta no nos sentiremos tan agredidos por el ascenso masivo de inmigraci\u00f3n ni por los da\u00f1os colaterales que causa. Pero reconozco que no es tarea f\u00e1cil y confieso que mis hijos de primaria van a una escuela privada.<\/div>","protected":false},"excerpt":{"rendered":"<p>Vaya por delante que este post no pretende ser m\u00e1s que un apunte para hacer un par de reflexiones acerca de un tema tan complejo como la inmigraci\u00f3n y sus efectos sobre nuestra econom\u00eda. Este flujo descontrolado es un hecho y adem\u00e1s las cifras de crecimiento son tan sorprendentemente crecientes como las mism\u00edsimas cifras econ\u00f3micas [&hellip;]<\/p>\n","protected":false},"author":6,"featured_media":0,"comment_status":"open","ping_status":"open","sticky":false,"template":"","format":"standard","meta":{"footnotes":""},"categories":[20],"tags":[],"class_list":["post-22778","post","type-post","status-publish","format-standard","hentry","category-sin-categorizar"],"_links":{"self":[{"href":"https:\/\/clusterfamilyoffice.com\/en\/wp-json\/wp\/v2\/posts\/22778","targetHints":{"allow":["GET"]}}],"collection":[{"href":"https:\/\/clusterfamilyoffice.com\/en\/wp-json\/wp\/v2\/posts"}],"about":[{"href":"https:\/\/clusterfamilyoffice.com\/en\/wp-json\/wp\/v2\/types\/post"}],"author":[{"embeddable":true,"href":"https:\/\/clusterfamilyoffice.com\/en\/wp-json\/wp\/v2\/users\/6"}],"replies":[{"embeddable":true,"href":"https:\/\/clusterfamilyoffice.com\/en\/wp-json\/wp\/v2\/comments?post=22778"}],"version-history":[{"count":0,"href":"https:\/\/clusterfamilyoffice.com\/en\/wp-json\/wp\/v2\/posts\/22778\/revisions"}],"wp:attachment":[{"href":"https:\/\/clusterfamilyoffice.com\/en\/wp-json\/wp\/v2\/media?parent=22778"}],"wp:term":[{"taxonomy":"category","embeddable":true,"href":"https:\/\/clusterfamilyoffice.com\/en\/wp-json\/wp\/v2\/categories?post=22778"},{"taxonomy":"post_tag","embeddable":true,"href":"https:\/\/clusterfamilyoffice.com\/en\/wp-json\/wp\/v2\/tags?post=22778"}],"curies":[{"name":"wp","href":"https:\/\/api.w.org\/{rel}","templated":true}]}}