{"id":1844,"date":"2012-09-04T11:52:41","date_gmt":"2012-09-04T09:52:41","guid":{"rendered":"https:\/\/clusterfamilyoffice.com\/blog\/?p=1844"},"modified":"2012-09-04T11:52:41","modified_gmt":"2012-09-04T09:52:41","slug":"un-limbo-para-la-periferia-europea","status":"publish","type":"post","link":"https:\/\/clusterfamilyoffice.com\/en\/un-limbo-para-la-periferia-europea\/","title":{"rendered":"Un Limbo para la periferia europea"},"content":{"rendered":"<p style=\"text-align: justify;\"><img fetchpriority=\"high\" decoding=\"async\" class=\"alignleft\" title=\"paises periferia europa\" src=\"http:\/\/3.bp.blogspot.com\/-40c64BrpZOw\/T-o5ASTnkPI\/AAAAAAAABOo\/rgbj4ZEe7yM\/s1600\/limbo.gif\" alt=\"paises perifer\u00eda europa\" width=\"333\" height=\"266\" \/>Cuando aparentemente las situaciones deben desembocar en finales bipolares, la realidad nos sorprende con desenlaces de equilibrio a menudo insospechados. La experiencia suele demostrarnos que las soluciones no acostumbran a ser ni blancas ni negras, sino grises. Probablemente menos atrevidas pero quiz\u00e1 tambi\u00e9n m\u00e1s consensuadas, m\u00e1s populares, para bien o para mal.\u00a0Lo mismo podr\u00eda ocurrir en el desenlace del embrollo de la Eurozona, donde no son compatibles por m\u00e1s tiempo las econom\u00edas perif\u00e9ricas con las del eje germ\u00e1nico sin que nos hagamos da\u00f1o de verdad.<!--more--><\/p>\n<p style=\"text-align: justify;\">De hecho algunas voces, que os enlazamos m\u00e1s abajo, comienzan ya a hablar de lo que bien podr\u00eda ser el embri\u00f3n de un \u201cLimbo\u201d donde aparcar las econom\u00edas en apuros\u00a0<del>hasta el infinito y m\u00e1s all\u00e1<\/del> el tiempo que haga falta.\u00a0Ese Limbo no ser\u00eda m\u00e1s que un estatus de miembro de la Eurozona de nueva creaci\u00f3n, en el que los respectivos euros de los Estados ah\u00ed apartados fluctuar\u00edan en su cotizaci\u00f3n respecto al euro de la Eurozona principal, pero de forma limitada.\u00a0\u00d3bviamente sus divisas podr\u00edan seguirse llamando Euros (o no), aunque sus cotizaciones vs el Euro \u201cA\u201d ser\u00edan sensiblemente inferiores para reactivar sus necesitadas econom\u00edas. Algunos autores hablan de un Euro A a 1,80$ y un Euro B a la paridad vs $.\u00a0Tambi\u00e9n los tipos de inter\u00e9s podr\u00edan fluctuar para adaptarse a las necesidades de esos pa\u00edses en apuros, o lo que es lo mismo, se liberar\u00eda a las econom\u00edas perif\u00e9ricas para manejar sus pol\u00edticas monetarias sin tener que tomar en consideraci\u00f3n a la econom\u00eda germana y dem\u00e1s secuaces.<\/p>\n<p style=\"text-align: justify;\">Al mismo tiempo, se pactar\u00edan fondos de garant\u00eda colectiva, carencias o moras en sus respectivas deudas externas, de modo que el resto de la Eurozona respaldase de alguna manera ese per\u00edodo, evitando as\u00ed la espiral letal del aumento de las primas de riesgo y los consecuentes defaults. Todo ello simple de decir pero complejo de ejecutar, pero al fin y al cabo \u00bfqui\u00e9n dijo que evitar el colapso de la Eurozona iba a ser f\u00e1cil?<\/p>\n<p style=\"text-align: justify;\">Sobre el papel, dicho estatus ser\u00eda temporal, y por tanto pol\u00edticamente aceptable. Se evitar\u00eda as\u00ed tener que reconocer t\u00e9rminos que delatar\u00edan el fracaso pol\u00edtico de la UE, a saber:\u00a0Ruptura, expulsi\u00f3n o salida del Euro de cualquier pa\u00eds. La praxis, de facto, ser\u00eda casi la misma, pero la soluci\u00f3n no aparentar\u00eda ser tan negra como la involuci\u00f3n\/centrifugaci\u00f3n pura y dura de la Eurozona, sino gris\u00e1cea, temporal y te\u00f3ricamente reversible.\u00a0En definitiva estar\u00edamos hablando de algo parecido a la utilidad que se le atribuye al \u201cbanco malo\u201d, de inminente creaci\u00f3n en Espa\u00f1a. Es decir, un limbo donde acumular los problemas, con la esperanza y el discurso pol\u00edtico de que con el paso de los a\u00f1os -muchos- se solucionen y todo vuelva al or\u00edgen, por surrealista que \u00e9ste sea.\u00a0O sea, que ante la incapacidad de solucionar un problema, la UE, lejos de coger al toro por los cuernos, lo entierra bajo un sarc\u00f3fago antirradiactivo. Al mas puro estilo de Chern\u00f3bile, esperando que el tiempo y las paredes de hormig\u00f3n armado, consigan lo que no ha sabido conseguir la clase pol\u00edtica de eurobur\u00f3cratas y dem\u00e1s analfabetos econ\u00f3micos y cobardes pol\u00edticos.<\/p>\n<p style=\"text-align: justify;\">Por todo ello, y porque ya se oyen\u00a0<strong><a href=\"http:\/\/www.expansion.com\/2012\/09\/01\/economia\/1346517128.html?a=bbefe01bc07eec62302b92d38f9e6800&amp;t=1346522993\" target=\"_blank\" rel=\"noopener\">distintas<\/a><\/strong> voces\u00a0<strong><a href=\"http:\/\/elconfidencialdigital.com\/dinero\/076860\/un-asesor-del-ministro-de-finanzas-aleman-wolfgang-schauble-promueve-una-ofensiva-para-forzar-la-salida-de-espana-del-euro-y-que-vuelva-la-peseta-vea-su-carta-a-le-monde\" target=\"_blank\" rel=\"noopener\">germ\u00e1nicas<\/a><\/strong> que lo promulgan, la opci\u00f3n del Limbo (habr\u00e1 que buscar un nombre pol\u00edticamente correcto y altisonante como Zona Temporal de Crecimiento, Convergencia o similar) puede ganar m\u00e1s y m\u00e1s adeptos, y convertirse en la hu\u00edda hacia delante de esta Eurozona.\u00a0Tambi\u00e9n hay otros autores como\u00a0<strong><a href=\"http:\/\/www.inqualitas.net\/entrevistas\/794-entrevista-a-edward-hugh\" target=\"_blank\" rel=\"noopener\">Edward Hugh<\/a><\/strong> que promulgan incluso que sea Alemania la que salga temporalmente de la Eurozona (imprescindible leer su Ensayo de principios de este a\u00f1o:\u00a0<strong><a href=\"http:\/\/www.scribd.com\/doc\/87576916\/Wolfson-Essay-Revised\" target=\"_blank\" rel=\"noopener\">The Wolfson question. A reflective Essay by Edward Hugh<\/a><\/strong>)<\/p>\n<p><img decoding=\"async\" class=\"aligncenter\" src=\"http:\/\/1.bp.blogspot.com\/-rPAt4aMz894\/T-w37sW9qXI\/AAAAAAAAA50\/ObxzN5Stx0g\/s1600\/ScreenHunter_101%2BJun.%2B28%2B00.28.gif\" alt=\"\" width=\"589\" height=\"382\" \/><\/p>\n<p style=\"text-align: justify;\">Volviendo a la opci\u00f3n de que sea la periferia la que se aparque en el Limbo, por supuesto, dicho \u201capartheid\u201d tendr\u00e1 un calendario de reentrada muy, pero que muy\u00a0<del>electoralista<\/del> optimista.\u00a0Tanto que indefectiblemente se ver\u00e1 revisado y retrasado con el paso de los a\u00f1os, a conveniencia de la pol\u00edtica electoralista m\u00e1s hip\u00f3crita, como ocurre con los calendarios de d\u00e9ficits actuales. Al fin y al cabo, \u00bfa qu\u00e9 pol\u00edtico europeo le preocupan los problemas que han de llegar m\u00e1s all\u00e1 de su propia legislatura, o a lo sumo la siguiente?\u00a0Quien venga despu\u00e9s que apechugue con sus electores y sus propias rupturas de promesas y tratados varios. Es decir, el \u00faltimo que apague la luz\u2026 Esa es la miserable esencia de nuestros pol\u00edticos, que est\u00e1n en las ant\u00edpodas del estadismo necesario, como ya dijimos en\u00a0<strong><a href=\"https:\/\/clusterfamilyoffice.com\/en\/blog\/?p=1839\">this article<\/a><\/strong>.<\/p>\n<p style=\"text-align: justify;\">Las urgencias de Grecia probablemente sean la palanca que fuercen la apertura de esta v\u00eda, ya que sin una situaci\u00f3n verdaderamente l\u00edmite, la pol\u00edtica europea ha venido demostrado su pasividad exasperante y nacionalista en los \u00faltimos a\u00f1os.<\/p>\n<p style=\"text-align: justify;\">Sea como fuere y la llamen como la llamen, bienvenida sea una soluci\u00f3n que permita a la periferia retomar, aunque sea de forma temporal, limitada e intervenida, las riendas de una pol\u00edtica monetaria adecuada a sus propias necesidades.<\/p>\n<p style=\"text-align: justify;\">Cualquier cosa menos el choque frontal con la cruda realidad de la pol\u00edtica monetaria \u00fanica, al que parecemos condenados.Y dada la inoperancia y cobard\u00eda de los dirigentes europeos, la creaci\u00f3n de un Limbo que evite el colapso y la involuci\u00f3n traum\u00e1tica, ya ser\u00eda una proeza pol\u00edtica que constar\u00eda en los libros de Historia, y de la que nos deber\u00edamos sentir orgullosos. Manda huevos.<\/p>\n<p style=\"text-align: justify;\">&nbsp;<\/p>","protected":false},"excerpt":{"rendered":"<p>Cuando aparentemente las situaciones deben desembocar en finales bipolares, la realidad nos sorprende con desenlaces de equilibrio a menudo insospechados. La experiencia suele demostrarnos que las soluciones no acostumbran a ser ni blancas ni negras, sino grises. Probablemente menos atrevidas pero quiz\u00e1 tambi\u00e9n m\u00e1s consensuadas, m\u00e1s populares, para bien o para mal.\u00a0Lo mismo podr\u00eda ocurrir [&hellip;]<\/p>\n","protected":false},"author":6,"featured_media":0,"comment_status":"open","ping_status":"open","sticky":false,"template":"","format":"standard","meta":{"footnotes":""},"categories":[38,45,41,42,37],"tags":[],"class_list":["post-1844","post","type-post","status-publish","format-standard","hentry","category-actualidad","category-asesoramiento-deportistas-artistas","category-economia-y-finanzas","category-estrategia","category-reflexion"],"_links":{"self":[{"href":"https:\/\/clusterfamilyoffice.com\/en\/wp-json\/wp\/v2\/posts\/1844","targetHints":{"allow":["GET"]}}],"collection":[{"href":"https:\/\/clusterfamilyoffice.com\/en\/wp-json\/wp\/v2\/posts"}],"about":[{"href":"https:\/\/clusterfamilyoffice.com\/en\/wp-json\/wp\/v2\/types\/post"}],"author":[{"embeddable":true,"href":"https:\/\/clusterfamilyoffice.com\/en\/wp-json\/wp\/v2\/users\/6"}],"replies":[{"embeddable":true,"href":"https:\/\/clusterfamilyoffice.com\/en\/wp-json\/wp\/v2\/comments?post=1844"}],"version-history":[{"count":0,"href":"https:\/\/clusterfamilyoffice.com\/en\/wp-json\/wp\/v2\/posts\/1844\/revisions"}],"wp:attachment":[{"href":"https:\/\/clusterfamilyoffice.com\/en\/wp-json\/wp\/v2\/media?parent=1844"}],"wp:term":[{"taxonomy":"category","embeddable":true,"href":"https:\/\/clusterfamilyoffice.com\/en\/wp-json\/wp\/v2\/categories?post=1844"},{"taxonomy":"post_tag","embeddable":true,"href":"https:\/\/clusterfamilyoffice.com\/en\/wp-json\/wp\/v2\/tags?post=1844"}],"curies":[{"name":"wp","href":"https:\/\/api.w.org\/{rel}","templated":true}]}}