{"id":1839,"date":"2012-08-31T13:40:27","date_gmt":"2012-08-31T11:40:27","guid":{"rendered":"https:\/\/clusterfamilyoffice.com\/blog\/?p=1839"},"modified":"2012-08-31T13:40:27","modified_gmt":"2012-08-31T11:40:27","slug":"la-falta-de-estadismo-de-rajoy","status":"publish","type":"post","link":"https:\/\/clusterfamilyoffice.com\/en\/la-falta-de-estadismo-de-rajoy\/","title":{"rendered":"La falta de estadismo de Rajoy"},"content":{"rendered":"<p>&nbsp;<\/p>\n<p><img decoding=\"async\" class=\"alignleft\" src=\"http:\/\/4.bp.blogspot.com\/__k8fFDwkLUU\/S_Thz8BqJSI\/AAAAAAAACL8\/xz7ztt4YbVQ\/s1600\/churchill.jpg\" alt=\"some_text\" width=\"182\" height=\"245\" \/><\/p>\n<p style=\"text-align: justify;\">F\u00e1cil fue en los \u00faltimos 2 o 3 a\u00f1os denunciar las miserias de Zapatero, pues \u00e9stas eran numerosas e indisimulables: Incapacidad para comprender y gobernar la situaci\u00f3n econ\u00f3mica, demagogia populista, bandazos en su pol\u00edtica financiera, inmovilismo y falta de valent\u00eda para reformar su pol\u00edtica laboral, y un largu\u00edsimo etc\u00e9tera que nos ha llevado a la situaci\u00f3n l\u00edmite que todos conocemos.<!--more--><\/p>\n<p style=\"text-align: justify;\">Con Rajoy, en el gobierno ya desde hace 10 meses, la herencia asumida era tan negativa que su cr\u00e9dito era a priori m\u00e1s que razonable y holgado. Y a pesar de que se haya arremangado de inmediato con la reforma laboral y fiscal, no hay que obviar que lo ha hecho acuciado por los hombres de negro y la dama de blanco.\u00a0Por la forma en la que se vienen produciendo las acometidas a las urgencias econ\u00f3micas espa\u00f1olas y la manera en la que est\u00e1n siendo explicadas -distorsionadas- a la opini\u00f3n p\u00fablica, intuimos que probablemente el Gobierno Popular alcanzar\u00e1 ya su primer a\u00f1o de mandato mostrando tambi\u00e9n claramente sus miserias e incapacidades.\u00a0Y no s\u00f3lo porque la situaci\u00f3n econ\u00f3mica de la banca, las comunidades aut\u00f3nomas y la del propio Estado est\u00e9 quebrada sin que hayan sabido poner pa\u00f1o caliente alguno y sigan negando la mayor, sino tambi\u00e9n por la falta de estadismo que demuestra Rajoy ante unos requerimientos, por parte de la germ\u00e1nica UE y de Mr. Market, que van m\u00e1s all\u00e1 de los conocimientos de econom\u00eda o las pol\u00edticas menos o m\u00e1s progresistas.<\/p>\n<p style=\"text-align: justify;\">Las miserias que el gobierno de Rajoy\/De Guindos est\u00e1 ya mostrando, y lamentablemente mostrar\u00e1, en los pr\u00f3ximos trimestres incluyen una\u00a0<a href=\"http:\/\/www.gurusblog.com\/archives\/soberania-la-clave-de-la-salvacion-o-el-desahucio\/05\/08\/2012\/\" target=\"_blank\" rel=\"noopener\">falta de predisposici\u00f3n absoluta a la cesi\u00f3n de soberan\u00eda<\/a> y a la transparencia, as\u00ed como la clara intenci\u00f3n de no tomar ninguna decisi\u00f3n que suponga la p\u00e9rdida sustancial de votos, poder y confianza del electorado. Y desgraciadamente ambas cosas van a ser imprescindibles si queremos evitar el colapso de la Eurozona y mantener a Alemania en nuestro mismo barco o viceversa.<\/p>\n<p style=\"text-align: justify;\">Estamos ante una situaci\u00f3n donde el estadismo cobra el sentido sublime que ha caracterizado a los gobernantes que han hecho Historia a lo largo de los siglos XIX y XX. Ese concepto, el de priorizar el Estado (en este caso un macro-estado llamado Europa) o incluso el orden mundial, sobre los intereses presidencialistas y partidistas, es hoy m\u00e1s que nunca necesario para afrontar el colapso al que est\u00e1 abocada la UE. Sarkozy, errado o no en sus decisiones, parec\u00eda ser el dirigente europeo m\u00e1s consciente de la necesidad de dicho estadismo y sentirse c\u00f3modo en ese rol. Quiz\u00e1 por ello perdi\u00f3 las elecciones\u2026 En cambio Hollande tiene una talla pol\u00edtica mucho m\u00e1s ajustada a la que puede tener Merkel o Rajoy, es decir, un perfil tan bajo como electoralista. Monti, por su parte, hace honor a su etiqueta de tecn\u00f3crata y est\u00e1 bastante menos preocupado por un electorado que jam\u00e1s lo eligi\u00f3. No podemos hablar de estadismo en el caso Monti puesto que su perfil es otro, pero sin duda su formaci\u00f3n financiera y su despreocupaci\u00f3n por los votos le hacen mucho m\u00e1s efectivo como gobernante en tiempos cr\u00edticos como los actuales.<\/p>\n<p style=\"text-align: justify;\">La Eurozona, faltada de una presidencia y gobierno \u00fanico europeo, hist\u00f3ricamente reclamado desde los EE.UU. y el resto del mundo, necesita como el aire que respira que sus diversos presidentes y gobiernos sean verdaderos estadistas. Que antepongan los intereses de Europa sobre los de sus respectivos pa\u00edses, y por supuesto sobre los de sus respectivos partidos pol\u00edticos. Sin ese estadismo admirable e hist\u00f3ricamente admirado, jam\u00e1s lograremos superar la tormenta perfecta a la que se enfrenta la Eurozona. Y vamos de cabeza a encontrarnos despu\u00e9s, cuando el tiempo amaine, con unos restos del naufragio dolorosos, inconexos y desperdigados. La \u00fanica buena noticia es que la devastaci\u00f3n y la purga ser\u00e1 tal, y el punto de partida tan primitivo, que s\u00f3lo podremos mejorar. Pero necesitaremos d\u00e9cadas para alcanzar el nivel econ\u00f3mico y de bienestar que las verg\u00fcenzas y la ausencia de estadismo de nuestros pol\u00edticos actuales europeos est\u00e1n echando por la borda mientras se aferran miserablemente a sus cargos.<\/p>","protected":false},"excerpt":{"rendered":"<p>&nbsp; F\u00e1cil fue en los \u00faltimos 2 o 3 a\u00f1os denunciar las miserias de Zapatero, pues \u00e9stas eran numerosas e indisimulables: Incapacidad para comprender y gobernar la situaci\u00f3n econ\u00f3mica, demagogia populista, bandazos en su pol\u00edtica financiera, inmovilismo y falta de valent\u00eda para reformar su pol\u00edtica laboral, y un largu\u00edsimo etc\u00e9tera que nos ha llevado a [&hellip;]<\/p>\n","protected":false},"author":6,"featured_media":0,"comment_status":"open","ping_status":"open","sticky":false,"template":"","format":"standard","meta":{"footnotes":""},"categories":[38,45,37],"tags":[],"class_list":["post-1839","post","type-post","status-publish","format-standard","hentry","category-actualidad","category-asesoramiento-deportistas-artistas","category-reflexion"],"_links":{"self":[{"href":"https:\/\/clusterfamilyoffice.com\/en\/wp-json\/wp\/v2\/posts\/1839","targetHints":{"allow":["GET"]}}],"collection":[{"href":"https:\/\/clusterfamilyoffice.com\/en\/wp-json\/wp\/v2\/posts"}],"about":[{"href":"https:\/\/clusterfamilyoffice.com\/en\/wp-json\/wp\/v2\/types\/post"}],"author":[{"embeddable":true,"href":"https:\/\/clusterfamilyoffice.com\/en\/wp-json\/wp\/v2\/users\/6"}],"replies":[{"embeddable":true,"href":"https:\/\/clusterfamilyoffice.com\/en\/wp-json\/wp\/v2\/comments?post=1839"}],"version-history":[{"count":0,"href":"https:\/\/clusterfamilyoffice.com\/en\/wp-json\/wp\/v2\/posts\/1839\/revisions"}],"wp:attachment":[{"href":"https:\/\/clusterfamilyoffice.com\/en\/wp-json\/wp\/v2\/media?parent=1839"}],"wp:term":[{"taxonomy":"category","embeddable":true,"href":"https:\/\/clusterfamilyoffice.com\/en\/wp-json\/wp\/v2\/categories?post=1839"},{"taxonomy":"post_tag","embeddable":true,"href":"https:\/\/clusterfamilyoffice.com\/en\/wp-json\/wp\/v2\/tags?post=1839"}],"curies":[{"name":"wp","href":"https:\/\/api.w.org\/{rel}","templated":true}]}}