{"id":1837,"date":"2012-08-22T16:08:53","date_gmt":"2012-08-22T14:08:53","guid":{"rendered":"https:\/\/clusterfamilyoffice.com\/blog\/?p=1837"},"modified":"2012-08-22T16:08:53","modified_gmt":"2012-08-22T14:08:53","slug":"la-politica-se-fue-de-vacaciones","status":"publish","type":"post","link":"https:\/\/clusterfamilyoffice.com\/en\/la-politica-se-fue-de-vacaciones\/","title":{"rendered":"La pol\u00edtica se fue de vacaciones"},"content":{"rendered":"<p style=\"text-align: justify;\"><img fetchpriority=\"high\" decoding=\"async\" class=\"alignleft\" src=\"http:\/\/rosamariaartal.files.wordpress.com\/2010\/08\/forges-rajoyvacaciones.gif?w=450&amp;h=312\" alt=\"\" width=\"315\" height=\"218\" \/>Pl\u00e1cido mes de agosto est\u00e1n teniendo los Mercados hasta el momento. Y probablemente eso sea debido a la ausencia de interferencias pol\u00edticas en las cotizaciones. Los problemas de la Eurozona siguen ah\u00ed y son los mismos, aunque agravados por el implacable paso del tiempo, pero parecen aparcados temporalmente. Y es que los generadores de problemas, es decir la clase pol\u00edtica del Babel de la UE y sus eurobur\u00f3cratas, est\u00e1n de vacaciones. Y eso se nota.<!--more--><\/p>\n<p style=\"text-align: justify;\">Porque a pesar de todos los problemas intr\u00ednsecos de la Eurozona, lo que m\u00e1s le duele a Mr. Market es la inoperancia y la capacidad de los pol\u00edticos de anteponer sus intereses a los de Europa. Sus nacionalismos, sus electoralismos, sus incapacidades y falta de formaci\u00f3n financiera son algunas de las caracter\u00edsticas comunes de la clase pol\u00edtica que presuntamente debe resolver los problemas de la Eurozona. Y as\u00ed vamos. Por eso, cuando toda esta banda de ineptos y corruptos se larga de vacaciones, los Mercados se toman un respiro porque las valoraciones son muy bajas. Los precios de la periferia europea est\u00e1n castigados por la pol\u00edtica desde hace ya a\u00f1os, y en cuanto \u00e9sta se despista las aguas vuelven a sus cauces de valoraciones m\u00e1s razonables (y no estamos hablando de valores financieros sino de industrias ligadas a la econom\u00eda real).<\/p>\n<p style=\"text-align: justify;\"><img decoding=\"async\" class=\"alignleft\" src=\"http:\/\/taquetaque.com\/wp-content\/uploads\/2011\/06\/20110601elpepivin_1.gif\" alt=\"\" width=\"372\" height=\"259\" \/>\u00bfSignifica esto que sin pol\u00edticos las bolsas subir\u00edan y los problemas tender\u00edan a resolverse? Desgraciadamente no es tan f\u00e1cil. La Pol\u00edtica en may\u00fasculas es necesaria, pero hace d\u00e9cadas que esa may\u00fascula desapareci\u00f3 del mapa y tan s\u00f3lo vemos mediocridad y necedad entre los dirigentes europeos. Algo tan vital para hacer m\u00e1s Europa, como la cesi\u00f3n de soberan\u00eda, es el caballo de batalla en estos momentos, tal y como ya advertimos en \u201c<a href=\"http:\/\/www.gurusblog.com\/archives\/soberania-la-clave-de-la-salvacion-o-el-desahucio\/05\/08\/2012\/\" target=\"_blank\" rel=\"noopener\"><strong>Soberan\u00eda: La clave de la salvaci\u00f3n o el desahucio<\/strong><\/a>\u201c. Y la bajeza pol\u00edtica est\u00e1 impidiendo esa cesi\u00f3n definitiva de soberan\u00eda en favor de una Europa m\u00e1s soberana. El nacionalismo estatal y el electoralismo m\u00e1s cruel, lo impiden. Por eso la pol\u00edtica se enfrenta a un callej\u00f3n, en el que no quieren encontrar la salida, exigiendo lo imposible, o sea dinero infinito alem\u00e1n a cambio de promesas de ajustes.<\/p>\n<p style=\"text-align: justify;\">Creemos ademas que se est\u00e1 perdiendo una oportunidad de oro, porque si la situaci\u00f3n econ\u00f3mica de la periferia se sigue deteriorando de forma irreversible, llegar\u00e1 un punto en que Alemania ya no aceptar\u00e1 pagar la factura a cambio de soberan\u00eda. Simplemente las p\u00e9rdidas a asumir para mantener la Eurozona pueden equipararse peligrosamente a las que deber\u00eda asumir prescindiendo de ella y volviendo al Marco alem\u00e1n. Y si llegamos a ese punto de no retorno habremos perdido la locomotora alemana para siempre. Y nos quedar\u00e1 un tren europeo con muchos vagones de cola, que habr\u00e1 perdido la alta velocidad y se habr\u00e1 convertido de nuevo en un cercan\u00edas. Un tren de cercan\u00edas muy soberano, por cierto.<\/p>\n<p style=\"text-align: justify;\">Como dec\u00edamos, por el momento la pol\u00edtica en min\u00fasculas est\u00e1 dando un respiro a los Mercados. Y eso, aunque no resuelva nada, al menos nos permite coger aire para aguantar mejor la respiraci\u00f3n en este oto\u00f1o que se nos viene encima, cuando los pol\u00edticos bronceados pretendan de nuevo ganarse el sueldo.<\/p>\n<p style=\"text-align: justify;\">&nbsp;<\/p>","protected":false},"excerpt":{"rendered":"<p>Pl\u00e1cido mes de agosto est\u00e1n teniendo los Mercados hasta el momento. Y probablemente eso sea debido a la ausencia de interferencias pol\u00edticas en las cotizaciones. Los problemas de la Eurozona siguen ah\u00ed y son los mismos, aunque agravados por el implacable paso del tiempo, pero parecen aparcados temporalmente. Y es que los generadores de problemas, [&hellip;]<\/p>\n","protected":false},"author":6,"featured_media":0,"comment_status":"open","ping_status":"open","sticky":false,"template":"","format":"standard","meta":{"footnotes":""},"categories":[38,37],"tags":[],"class_list":["post-1837","post","type-post","status-publish","format-standard","hentry","category-actualidad","category-reflexion"],"_links":{"self":[{"href":"https:\/\/clusterfamilyoffice.com\/en\/wp-json\/wp\/v2\/posts\/1837","targetHints":{"allow":["GET"]}}],"collection":[{"href":"https:\/\/clusterfamilyoffice.com\/en\/wp-json\/wp\/v2\/posts"}],"about":[{"href":"https:\/\/clusterfamilyoffice.com\/en\/wp-json\/wp\/v2\/types\/post"}],"author":[{"embeddable":true,"href":"https:\/\/clusterfamilyoffice.com\/en\/wp-json\/wp\/v2\/users\/6"}],"replies":[{"embeddable":true,"href":"https:\/\/clusterfamilyoffice.com\/en\/wp-json\/wp\/v2\/comments?post=1837"}],"version-history":[{"count":0,"href":"https:\/\/clusterfamilyoffice.com\/en\/wp-json\/wp\/v2\/posts\/1837\/revisions"}],"wp:attachment":[{"href":"https:\/\/clusterfamilyoffice.com\/en\/wp-json\/wp\/v2\/media?parent=1837"}],"wp:term":[{"taxonomy":"category","embeddable":true,"href":"https:\/\/clusterfamilyoffice.com\/en\/wp-json\/wp\/v2\/categories?post=1837"},{"taxonomy":"post_tag","embeddable":true,"href":"https:\/\/clusterfamilyoffice.com\/en\/wp-json\/wp\/v2\/tags?post=1837"}],"curies":[{"name":"wp","href":"https:\/\/api.w.org\/{rel}","templated":true}]}}