{"id":1808,"date":"2012-06-14T15:28:55","date_gmt":"2012-06-14T13:28:55","guid":{"rendered":"https:\/\/clusterfamilyoffice.com\/blog\/?p=1808"},"modified":"2012-06-14T15:28:55","modified_gmt":"2012-06-14T13:28:55","slug":"el-final-de-la-cuenta-atras","status":"publish","type":"post","link":"https:\/\/clusterfamilyoffice.com\/en\/el-final-de-la-cuenta-atras\/","title":{"rendered":"El final de la cuenta atr\u00e1s&#8230;"},"content":{"rendered":"<p style=\"text-align: justify;\">Si algo tiene de bueno la tensi\u00f3n extrema actual de los Mercados, es que va a precipitar el desenlace de la Eurozona y va a acabar con esta agon\u00eda pol\u00edtica y econ\u00f3mica. El momento en el que Alemania debe elegir si toma la senda de la asunci\u00f3n de las deudas y la precariedad econ\u00f3mica perif\u00e9rica, o por el contrario se apea del tren. Y en el caso de que decida no seguir compartiendo dicha losa, tambi\u00e9n podr\u00eda decidir ir desenganchando vagones en lugar de apearse ella. Espero que os guste el art\u00edculo que hemos publicado en GurusBlog: \u00ab<strong><a href=\"http:\/\/www.gurusblog.com\/archives\/europa-final-cuenta-atras\/13\/06\/2012\/\" target=\"_blank\" rel=\"noopener\">El Final de la Cuenta Atr\u00e1s<\/a><\/strong>\u00ab<\/p>","protected":false},"excerpt":{"rendered":"<p>Si algo tiene de bueno la tensi\u00f3n extrema actual de los Mercados, es que va a precipitar el desenlace de la Eurozona y va a acabar con esta agon\u00eda pol\u00edtica y econ\u00f3mica. El momento en el que Alemania debe elegir si toma la senda de la asunci\u00f3n de las deudas y la precariedad econ\u00f3mica perif\u00e9rica, [&hellip;]<\/p>\n","protected":false},"author":6,"featured_media":0,"comment_status":"open","ping_status":"open","sticky":false,"template":"","format":"standard","meta":{"footnotes":""},"categories":[38,45,41,52,37],"tags":[],"class_list":["post-1808","post","type-post","status-publish","format-standard","hentry","category-actualidad","category-asesoramiento-deportistas-artistas","category-economia-y-finanzas","category-asesoramiento-patrimonial-multi-family-office","category-reflexion"],"_links":{"self":[{"href":"https:\/\/clusterfamilyoffice.com\/en\/wp-json\/wp\/v2\/posts\/1808","targetHints":{"allow":["GET"]}}],"collection":[{"href":"https:\/\/clusterfamilyoffice.com\/en\/wp-json\/wp\/v2\/posts"}],"about":[{"href":"https:\/\/clusterfamilyoffice.com\/en\/wp-json\/wp\/v2\/types\/post"}],"author":[{"embeddable":true,"href":"https:\/\/clusterfamilyoffice.com\/en\/wp-json\/wp\/v2\/users\/6"}],"replies":[{"embeddable":true,"href":"https:\/\/clusterfamilyoffice.com\/en\/wp-json\/wp\/v2\/comments?post=1808"}],"version-history":[{"count":0,"href":"https:\/\/clusterfamilyoffice.com\/en\/wp-json\/wp\/v2\/posts\/1808\/revisions"}],"wp:attachment":[{"href":"https:\/\/clusterfamilyoffice.com\/en\/wp-json\/wp\/v2\/media?parent=1808"}],"wp:term":[{"taxonomy":"category","embeddable":true,"href":"https:\/\/clusterfamilyoffice.com\/en\/wp-json\/wp\/v2\/categories?post=1808"},{"taxonomy":"post_tag","embeddable":true,"href":"https:\/\/clusterfamilyoffice.com\/en\/wp-json\/wp\/v2\/tags?post=1808"}],"curies":[{"name":"wp","href":"https:\/\/api.w.org\/{rel}","templated":true}]}}