{"id":1465,"date":"2011-11-06T15:35:22","date_gmt":"2011-11-06T13:35:22","guid":{"rendered":"https:\/\/clusterfamilyoffice.com\/blog\/?p=1465"},"modified":"2011-11-06T15:35:22","modified_gmt":"2011-11-06T13:35:22","slug":"si-yo-fuera-griego","status":"publish","type":"post","link":"https:\/\/clusterfamilyoffice.com\/en\/si-yo-fuera-griego\/","title":{"rendered":"Si yo fuera griego&#8230;"},"content":{"rendered":"<p style=\"text-align: justify;\"><img decoding=\"async\" class=\"alignleft\" src=\"http:\/\/cdb.comparativadebancos.com\/wp-content\/uploads\/2011\/11\/MERKEL-SARKOZY-PAPANDREU-1.jpg\" alt=\"\" width=\"192\" height=\"131\" \/>Si yo fuera griego y adem\u00e1s empresario, lo tendr\u00eda claro. Mi negocio tendr\u00eda un futuro muy negro dentro de la Eurozona con una econom\u00eda salvajemente recesiva. Con unos impuestos crecientes que pretenden la recaudaci\u00f3n desesperada y un consumo colaps\u00e1ndose, mis ventas y posibilidades de supervivencia ser\u00edan nulas. Y si mi negocio tuviese la capacidad de exportar, tampoco podr\u00eda soportar hacerlo con un euro tan caro como el actual, ya que mi competitividad estar\u00eda y estar\u00e1 por los suelos en un entorno de cambio de divisas que s\u00f3lo la productividad alemana soportar\u00e1.<!--more--><\/p>\n<p style=\"text-align: justify;\">Si en lugar de empresario fuese trabajador por cuenta ajena, mi panorama personal no ser\u00eda mucho mejor, ya que mi futuro y el bienestar de mi familia depender\u00edan absolutamente de un sueldo que ir\u00eda ligado a la supervivencia futura de la empresa para la que trabajase. Por lo tanto, como empleado, mi futuro tendr\u00eda los mismos nubarrones que la empresa que me pagase el sueldo, si es que a\u00fan lo pudiese hacer a corto o medio plazo, en un escenario como el propuesto a Grecia dentro de la Eurozona.<\/p>\n<p><img fetchpriority=\"high\" decoding=\"async\" class=\"alignleft\" src=\"http:\/\/newsimg.bbc.co.uk\/media\/images\/44677000\/jpg\/_44677758_greece_afp466.jpg\" alt=\"\" width=\"280\" height=\"180\" \/><\/p>\n<p style=\"text-align: justify;\">Si no fuese ni empresario ni trabajador por cuenta ajena, sino empleado P\u00fablico griego, la cosa cambiar\u00eda sustancialmente, al menos desde mi mentalidad funcionaria. Sin embargo, los recortes expeditivos que el mantenimiento del pa\u00eds en la Eurozona exigir\u00edan, no augurar\u00edan nada bueno a la \u00abseguridad\u00bb de mi puesto de trabajo, ni mucho menos al mantenimiento de mis condiciones econ\u00f3micas laborales. No obstante, siendo funcionario, me dar\u00eda especial v\u00e9rtigo un cambio tan radical en la econom\u00eda y los estamentos del pa\u00eds como la salida del Euro.<\/p>\n<p style=\"text-align: justify;\">A pesar de estos an\u00e1lisis iniciales, no debemos olvidar que salir de la Eurozona y volver a imprimir ilimitadamente cuantos Dracmas (o nuevos Dracmas) fueran necesarios, tiene tambi\u00e9n sus incertidumbres, y muchas. Para empezar, la portavoz de la Comisi\u00f3n Europea, Karolina Kottova ya manifest\u00f3 que \u00abEl Tratado no prev\u00e9 una salida de la zona del euro sin una salida de la Uni\u00f3n Europea (UE); \u00e9sa es la situaci\u00f3n actual\u00bb. Y de ah\u00ed a que se tomen represalias comerciales para evitar que haga su agosto la econom\u00eda helena con su nuevo y flamante devaluado Dracma, va un paso. De hecho la UE no tendr\u00eda m\u00e1s que seguir los pasos de las quotas que en diversos pa\u00edses se han venido imponiendo a exportadores deshonestos como China. Por tanto Grecia podr\u00eda ver como la UE en bloque, y su capacidad de influencia para que otros pa\u00edses le sigan, pueden boicotear los productos griegos como represalia a un impago de deuda alevoso que adem\u00e1s habr\u00eda generado un caos financiero que s\u00f3lo Alemania podr\u00eda controlar a base firmar cheques del BCE.<\/p>\n<p style=\"text-align: justify;\">Pero como todas estas consideraciones quedan muy lejos de las preocupaciones de la poblaci\u00f3n griega en general, habr\u00eda sido m\u00e1s que complejo convencer a los votantes del cancelado referendum de que se quisieran mantener dentro de la moneda \u00fanica. Porque esa es la senda del sacrificio extremo y del camino hacia una larga y ag\u00f3nica depresi\u00f3n de sus empresas y de la calidad de vida de su poblaci\u00f3n en general.<\/p>\n<p><iframe width=\"420\" height=\"315\" src=\"http:\/\/www.youtube.com\/embed\/KZpSqMreYhE\" frameborder=\"0\" allowfullscreen><\/iframe><\/p>\n<p style=\"text-align: justify;\">A Grecia le espera un futuro muy negro y muy incierto, dentro y fuera de la Eurozona respectivamente. Pero para la mayor\u00eda de fam\u00edlias trabajadoras y empresarias, la incerteza de la vuelta al Dracma quiz\u00e1 sea m\u00e1s aceptable que la certeza de largas penurias econ\u00f3micas. Y mientras Alemania siga impidiendo que la m\u00e1quina de fabricar euros imprima a destajo, el Euro seguir\u00e1 ejerciendo de pardillo contra el que el resto de divisas con problemas tratan de devaluarse para conseguir competitividad. Y con una moneda \u00fanica en los niveles de cotizaci\u00f3n actuales, tan s\u00f3lo econom\u00edas como la alemana y dem\u00e1s menores del norte de Europa, podr\u00e1n subsistir. Porque no nos enga\u00f1emos, la esencia de los problemas a los que se enfrenta Grecia, es la misma con la que debe lidiar el resto de la periferia, aunque en estados menos avanzados de putrefacci\u00f3n.<\/p>\n<p style=\"text-align: justify;\">El panorama para los PIIGS es por tanto muy negativo en cualquiera de los escenarios que se pueden presentar en el futuro pr\u00f3ximo y que hoy mismo tiene ya Grecia sobre la mesa. Y si yo fuera griego&#8230;? Pues de lo que s\u00ed estoy seguro es de que me avergonzar\u00eda profundamente del comportamiento de mi gobierno y parlamento. Pero el mundo asiste amodorrado (cuando deber\u00eda estar at\u00f3nito e indignado) a la utilizaci\u00f3n del riesgo de colapso financiero de toda la UE\u00a0y dem\u00e1s pa\u00edses desarrollados, como arma arrojadiza en la lucha por el poder en Grecia. En este lamentable proceso en el que las miserias quedan al descubierto, se est\u00e1n rompiendo demasiadas cosas adem\u00e1s de la abismal divergencia econ\u00f3mica creciente. Y la voluntad de una UE que pretend\u00eda avanzar hacia un sentimiento europe\u00edsta com\u00fan, quiz\u00e1 tenga que cicatrizar heridas demasiado profundas. Porque las barreras econ\u00f3micas y la bajeza moral de diversos dirigentes, est\u00e1n uniendo sus fuerzas para centrifugar un Viejo Continente que parece condenado a revivir conflictos que cre\u00edamos ya parte de la Historia.<\/p>","protected":false},"excerpt":{"rendered":"<p>Si yo fuera griego y adem\u00e1s empresario, lo tendr\u00eda claro. Mi negocio tendr\u00eda un futuro muy negro dentro de la Eurozona con una econom\u00eda salvajemente recesiva. Con unos impuestos crecientes que pretenden la recaudaci\u00f3n desesperada y un consumo colaps\u00e1ndose, mis ventas y posibilidades de supervivencia ser\u00edan nulas. Y si mi negocio tuviese la capacidad de [&hellip;]<\/p>\n","protected":false},"author":6,"featured_media":0,"comment_status":"open","ping_status":"open","sticky":false,"template":"","format":"standard","meta":{"footnotes":""},"categories":[38,45,41,37],"tags":[],"class_list":["post-1465","post","type-post","status-publish","format-standard","hentry","category-actualidad","category-asesoramiento-deportistas-artistas","category-economia-y-finanzas","category-reflexion"],"_links":{"self":[{"href":"https:\/\/clusterfamilyoffice.com\/en\/wp-json\/wp\/v2\/posts\/1465","targetHints":{"allow":["GET"]}}],"collection":[{"href":"https:\/\/clusterfamilyoffice.com\/en\/wp-json\/wp\/v2\/posts"}],"about":[{"href":"https:\/\/clusterfamilyoffice.com\/en\/wp-json\/wp\/v2\/types\/post"}],"author":[{"embeddable":true,"href":"https:\/\/clusterfamilyoffice.com\/en\/wp-json\/wp\/v2\/users\/6"}],"replies":[{"embeddable":true,"href":"https:\/\/clusterfamilyoffice.com\/en\/wp-json\/wp\/v2\/comments?post=1465"}],"version-history":[{"count":0,"href":"https:\/\/clusterfamilyoffice.com\/en\/wp-json\/wp\/v2\/posts\/1465\/revisions"}],"wp:attachment":[{"href":"https:\/\/clusterfamilyoffice.com\/en\/wp-json\/wp\/v2\/media?parent=1465"}],"wp:term":[{"taxonomy":"category","embeddable":true,"href":"https:\/\/clusterfamilyoffice.com\/en\/wp-json\/wp\/v2\/categories?post=1465"},{"taxonomy":"post_tag","embeddable":true,"href":"https:\/\/clusterfamilyoffice.com\/en\/wp-json\/wp\/v2\/tags?post=1465"}],"curies":[{"name":"wp","href":"https:\/\/api.w.org\/{rel}","templated":true}]}}